{"id":1265,"date":"2023-12-11T10:28:49","date_gmt":"2023-12-11T09:28:49","guid":{"rendered":"https:\/\/boomandsmart.com\/sudny-dvor-eu-spresnil-pravidla-ukladania-pokut-podla-gdpr\/"},"modified":"2023-12-11T10:28:49","modified_gmt":"2023-12-11T09:28:49","slug":"sudny-dvor-eu-spresnil-pravidla-ukladania-pokut-podla-gdpr","status":"publish","type":"post","link":"https:\/\/boomandsmart.com\/sk\/sudny-dvor-eu-spresnil-pravidla-ukladania-pokut-podla-gdpr\/","title":{"rendered":"S\u00fadny dvor E\u00da spresnil pravidl\u00e1 ukladania pok\u00fat pod\u013ea GDPR"},"content":{"rendered":"<p>&nbsp;<\/p>\n<p>Z\u00a0aktu\u00e1lnych rozhodnut\u00ed S\u00fadneho dvora E\u00da vo veciach <a href=\"https:\/\/curia.europa.eu\/juris\/document\/document.jsf?text=&amp;docid=280324&amp;pageIndex=0&amp;doclang=SK&amp;mode=req&amp;dir=&amp;occ=first&amp;part=1&amp;cid=622236\">C-683\/21<\/a> a <a href=\"https:\/\/curia.europa.eu\/juris\/document\/document.jsf?text=&amp;docid=280325&amp;pageIndex=0&amp;doclang=SK&amp;mode=req&amp;dir=&amp;occ=first&amp;part=1&amp;cid=622382\">C-807\/21<\/a> (obidva rozhodnutia z 5. decembra 2023) mo\u017eno abstrahova\u0165 nieko\u013eko pravidiel ukladania pok\u00fat dozorn\u00fdmi org\u00e1nmi pod\u013ea \u010dl\u00e1nku 83 V\u0161eobecn\u00e9ho nariadenia o ochrane \u00fadajov (\u010falej ako \u201eGDPR\u201c alebo \u201eNariadenie\u201c). Pre tento \u00fa\u010del tie\u017e s\u00fadny dvor vysvetlil pojem \u201espolo\u010dn\u00ed prev\u00e1dzkovatelia\u201c a pouk\u00e1zal na jeho znaky.<\/p>\n<p>Najpodstatnej\u0161ie z\u00e1very uveden\u00fdch rozhodnut\u00ed sme zhrnuli nasledovne:<\/p>\n<ol>\n<li>Miera spolo\u010dnej zodpovednosti spolo\u010dn\u00fdch prev\u00e1dzkovate\u013eov m\u00f4\u017ee by\u0165 r\u00f4zna, preto\u017ee subjekty sa m\u00f4\u017eu zapoji\u0165 do sprac\u00favania \u00fadajov v\u00a0r\u00f4znych f\u00e1zach a\u00a0stup\u0148och, preto mieru zodpovednos\u0165 treba posudzova\u0165 individu\u00e1lne.<\/li>\n<li>Spolo\u010dn\u00fdm prev\u00e1dzkovate\u013eom m\u00f4\u017ee by\u0165 aj ten subjekt, ktor\u00fd nem\u00e1 pr\u00edstup k\u00a0sprac\u00favan\u00fdm osobn\u00fdm \u00fadajom. Prev\u00e1dzkovate\u013eom m\u00f4\u017ee by\u0165 aj subjekt, ktor\u00fd s\u00e1m nevykon\u00e1va spracovate\u013esk\u00e9 oper\u00e1cie s\u00a0\u00fadajmi, ale podie\u013eal sa na ur\u010den\u00ed \u00fa\u010delov a\u00a0prostriedkov sprac\u00favania osobn\u00fdch \u00fadajov cez aktu\u00e1lne vyv\u00edjan\u00fa mobiln\u00fa aplik\u00e1ciu.<\/li>\n<li>Medzi spolo\u010dn\u00fdmi prev\u00e1dzkovate\u013emi nemus\u00ed existova\u0165 form\u00e1lna dohoda o\u00a0ur\u010den\u00ed \u00fa\u010delov a\u00a0prostriedkov sprac\u00favania osobn\u00fdch \u00fadajov. Tak\u00e9to ur\u010denie m\u00f4\u017ee by\u0165 aj neform\u00e1lne, pozost\u00e1vaj\u00face z\u00a0viacer\u00fdch vz\u00e1jomne sa dop\u013a\u0148aj\u00facich rozhodnut\u00ed dotknut\u00fdch subjektov.<\/li>\n<li>Dohoda spolo\u010dn\u00fdch prev\u00e1dzkovate\u013eov pod\u013ea \u010dl\u00e1nku 26 ods. 1 GDPR o\u00a0ur\u010den\u00ed zodpovednosti a\u00a0realizovan\u00ed pr\u00e1v dotknut\u00fdch os\u00f4b nepredstavuje predpoklad toho, aby boli dva alebo viacer\u00e9 subjekty kvalifikovan\u00e9 ako spolo\u010dn\u00ed prev\u00e1dzkovatelia. Uveden\u00e1 dohoda je povinnos\u0165ou spolo\u010dn\u00fdch prev\u00e1dzkovate\u013eov, ak u\u017e takto kvalifikovan\u00ed s\u00fa.<\/li>\n<li>\u010clensk\u00e9 \u0161t\u00e1ty m\u00f4\u017eu v\u00a0s\u00falade s\u00a0\u010dl\u00e1nkom 83 a\u00a084 GDPR spresni\u0165 procesn\u00e9 pravidl\u00e1 ukladania sankci\u00ed za poru\u0161enie Nariadenia, nem\u00f4\u017eu v\u0161ak vytv\u00e1ra\u0165 nov\u00e9 hmotnopr\u00e1vne podmienky, ktor\u00fdmi by bo dozorn\u00fd org\u00e1n \u010dlensk\u00e9ho \u0161t\u00e1tu pri ukladan\u00ed pok\u00fat viazan\u00fd.<\/li>\n<li>Pre ulo\u017eenie sankcie (pokuty) sa vy\u017eaduje zavinenie prev\u00e1dzkovate\u013ea. V\u0161eobecn\u00e9 nariadenie o\u00a0ochrane \u00fadajov neumo\u017e\u0148uje ulo\u017ei\u0165 pokutu bez zavinenia povinn\u00e9ho subjektu, pri\u010dom m\u00f4\u017ee \u00eds\u0165 tak o\u00a0\u00famysel, ako aj o\u00a0nedbanlivos\u0165.<\/li>\n<li>Ak je prev\u00e1dzkovate\u013eom pr\u00e1vnick\u00e1 osoba, nie je rozhoduj\u00face, \u010di sa poru\u0161enia GDPR dopustil ved\u00faci zamestnanec alebo r\u00e1dov\u00fd zamestnanec. Zodpovednos\u0165 prev\u00e1dzkovate\u013ea za poru\u0161enie GDPR vznikne v\u00a0obidvoch pr\u00edpadoch.<\/li>\n<li>Prev\u00e1dzkovate\u013e je zodpovedn\u00fd nielen za ka\u017ed\u00e9 sprac\u00favanie osobn\u00fdch \u00fadajov, ktor\u00e9 vykon\u00e1va s\u00e1m, ale aj za sprac\u00favanie, ktor\u00e9 vykon\u00e1va v\u00a0jeho mene sprostredkovate\u013e. Pokutu tak mo\u017eno ulo\u017ei\u0165 prev\u00e1dzkovate\u013eovi v\u00a0s\u00favislosti so spracovate\u013esk\u00fdmi oper\u00e1ciami, ktor\u00e9 v\u00a0jeho mene vykonal sprostredkovate\u013e, okrem pr\u00edpadov, ke\u010f sprostredkovate\u013e vykonal sprac\u00favanie na svoje vlastn\u00e9 \u00fa\u010dely alebo sprac\u00faval tieto \u00fadaje sp\u00f4sobom nezlu\u010dite\u013en\u00fdm s\u00a0pokynmi prev\u00e1dzkovate\u013ea (v takom pr\u00edpade sa sprostredkovate\u013e pova\u017euje za prev\u00e1dzkovate\u013ea).<\/li>\n<li>Ak je sankcionovan\u00fd subjekt s\u00fa\u010das\u0165ou skupiny podnikov, v\u00fd\u0161ka pokuty sa vypo\u010d\u00edta na z\u00e1klade obratu celej skupiny.<\/li>\n<\/ol>\n","protected":false},"excerpt":{"rendered":"<p>&nbsp; Z\u00a0aktu\u00e1lnych rozhodnut\u00ed S\u00fadneho dvora E\u00da vo veciach C-683\/21 a C-807\/21 (obidva rozhodnutia z 5. decembra 2023) mo\u017eno abstrahova\u0165 nieko\u013eko pravidiel ukladania pok\u00fat dozorn\u00fdmi org\u00e1nmi pod\u013ea \u010dl\u00e1nku 83 V\u0161eobecn\u00e9ho nariadenia o ochrane \u00fadajov (\u010falej ako \u201eGDPR\u201c alebo \u201eNariadenie\u201c). Pre tento \u00fa\u010del tie\u017e s\u00fadny dvor vysvetlil pojem \u201espolo\u010dn\u00ed prev\u00e1dzkovatelia\u201c a pouk\u00e1zal na jeho znaky. Najpodstatnej\u0161ie z\u00e1very&#8230;<\/p>\n","protected":false},"author":3,"featured_media":1266,"comment_status":"closed","ping_status":"closed","sticky":false,"template":"","format":"standard","meta":{"inline_featured_image":false,"footnotes":""},"categories":[1],"tags":[],"class_list":["post-1265","post","type-post","status-publish","format-standard","has-post-thumbnail","hentry","category-uncategorized-sk"],"yoast_head":"<title>S\u00fadny dvor E\u00da spresnil pravidl\u00e1 ukladania pok\u00fat pod\u013ea GDPR - BOOM &amp; SMART<\/title>\n<meta name=\"robots\" content=\"index, follow, max-snippet:-1, max-image-preview:large, max-video-preview:-1\" \/>\n<link rel=\"canonical\" href=\"https:\/\/boomandsmart.com\/sudny-dvor-eu-spresnil-pravidla-ukladania-pokut-podla-gdpr\/\" \/>\n<meta property=\"og:locale\" content=\"sk_SK\" \/>\n<meta property=\"og:type\" content=\"article\" \/>\n<meta property=\"og:title\" content=\"S\u00fadny dvor E\u00da spresnil pravidl\u00e1 ukladania pok\u00fat pod\u013ea GDPR - BOOM &amp; SMART\" \/>\n<meta property=\"og:description\" content=\"&nbsp; Z\u00a0aktu\u00e1lnych rozhodnut\u00ed S\u00fadneho dvora E\u00da vo veciach C-683\/21 a C-807\/21 (obidva rozhodnutia z 5. decembra 2023) mo\u017eno abstrahova\u0165 nieko\u013eko pravidiel ukladania pok\u00fat dozorn\u00fdmi org\u00e1nmi pod\u013ea \u010dl\u00e1nku 83 V\u0161eobecn\u00e9ho nariadenia o ochrane \u00fadajov (\u010falej ako \u201eGDPR\u201c alebo \u201eNariadenie\u201c). Pre tento \u00fa\u010del tie\u017e s\u00fadny dvor vysvetlil pojem \u201espolo\u010dn\u00ed prev\u00e1dzkovatelia\u201c a pouk\u00e1zal na jeho znaky. Najpodstatnej\u0161ie z\u00e1very...\" \/>\n<meta property=\"og:url\" content=\"https:\/\/boomandsmart.com\/sudny-dvor-eu-spresnil-pravidla-ukladania-pokut-podla-gdpr\/\" \/>\n<meta property=\"og:site_name\" content=\"BOOM &amp; SMART\" \/>\n<meta property=\"article:published_time\" content=\"2023-12-11T09:28:49+00:00\" \/>\n<meta property=\"og:image\" content=\"https:\/\/boomandsmart.com\/wp-content\/uploads\/2023\/05\/gdpr-g6e7ccc8b6_1920.jpg\" \/>\n\t<meta property=\"og:image:width\" content=\"1920\" \/>\n\t<meta property=\"og:image:height\" content=\"1280\" \/>\n\t<meta property=\"og:image:type\" content=\"image\/jpeg\" \/>\n<meta name=\"author\" content=\"boomandsmart\" \/>\n<meta name=\"twitter:card\" content=\"summary_large_image\" \/>\n<meta name=\"twitter:label1\" content=\"Autor\" \/>\n\t<meta name=\"twitter:data1\" content=\"boomandsmart\" \/>\n\t<meta name=\"twitter:label2\" content=\"Predpokladan\u00fd \u010das \u010d\u00edtania\" \/>\n\t<meta name=\"twitter:data2\" content=\"2 min\u00faty\" \/>\n<script type=\"application\/ld+json\" class=\"yoast-schema-graph\">{\"@context\":\"https:\/\/schema.org\",\"@graph\":[{\"@type\":\"Article\",\"@id\":\"https:\/\/boomandsmart.com\/sudny-dvor-eu-spresnil-pravidla-ukladania-pokut-podla-gdpr\/#article\",\"isPartOf\":{\"@id\":\"https:\/\/boomandsmart.com\/sudny-dvor-eu-spresnil-pravidla-ukladania-pokut-podla-gdpr\/\"},\"author\":{\"name\":\"boomandsmart\",\"@id\":\"https:\/\/boomandsmart.com\/#\/schema\/person\/45472ee9b9a6b06bc4a90e2e95bc7e34\"},\"headline\":\"S\u00fadny dvor E\u00da spresnil pravidl\u00e1 ukladania pok\u00fat pod\u013ea GDPR\",\"datePublished\":\"2023-12-11T09:28:49+00:00\",\"mainEntityOfPage\":{\"@id\":\"https:\/\/boomandsmart.com\/sudny-dvor-eu-spresnil-pravidla-ukladania-pokut-podla-gdpr\/\"},\"wordCount\":540,\"image\":{\"@id\":\"https:\/\/boomandsmart.com\/sudny-dvor-eu-spresnil-pravidla-ukladania-pokut-podla-gdpr\/#primaryimage\"},\"thumbnailUrl\":\"https:\/\/boomandsmart.com\/wp-content\/uploads\/2023\/05\/gdpr-g6e7ccc8b6_1920.jpg\",\"articleSection\":[\"Uncategorized @sk\"],\"inLanguage\":\"sk-SK\"},{\"@type\":\"WebPage\",\"@id\":\"https:\/\/boomandsmart.com\/sudny-dvor-eu-spresnil-pravidla-ukladania-pokut-podla-gdpr\/\",\"url\":\"https:\/\/boomandsmart.com\/sudny-dvor-eu-spresnil-pravidla-ukladania-pokut-podla-gdpr\/\",\"name\":\"S\u00fadny dvor E\u00da spresnil pravidl\u00e1 ukladania pok\u00fat pod\u013ea GDPR - BOOM &amp; SMART\",\"isPartOf\":{\"@id\":\"https:\/\/boomandsmart.com\/#website\"},\"primaryImageOfPage\":{\"@id\":\"https:\/\/boomandsmart.com\/sudny-dvor-eu-spresnil-pravidla-ukladania-pokut-podla-gdpr\/#primaryimage\"},\"image\":{\"@id\":\"https:\/\/boomandsmart.com\/sudny-dvor-eu-spresnil-pravidla-ukladania-pokut-podla-gdpr\/#primaryimage\"},\"thumbnailUrl\":\"https:\/\/boomandsmart.com\/wp-content\/uploads\/2023\/05\/gdpr-g6e7ccc8b6_1920.jpg\",\"datePublished\":\"2023-12-11T09:28:49+00:00\",\"author\":{\"@id\":\"https:\/\/boomandsmart.com\/#\/schema\/person\/45472ee9b9a6b06bc4a90e2e95bc7e34\"},\"breadcrumb\":{\"@id\":\"https:\/\/boomandsmart.com\/sudny-dvor-eu-spresnil-pravidla-ukladania-pokut-podla-gdpr\/#breadcrumb\"},\"inLanguage\":\"sk-SK\",\"potentialAction\":[{\"@type\":\"ReadAction\",\"target\":[\"https:\/\/boomandsmart.com\/sudny-dvor-eu-spresnil-pravidla-ukladania-pokut-podla-gdpr\/\"]}]},{\"@type\":\"ImageObject\",\"inLanguage\":\"sk-SK\",\"@id\":\"https:\/\/boomandsmart.com\/sudny-dvor-eu-spresnil-pravidla-ukladania-pokut-podla-gdpr\/#primaryimage\",\"url\":\"https:\/\/boomandsmart.com\/wp-content\/uploads\/2023\/05\/gdpr-g6e7ccc8b6_1920.jpg\",\"contentUrl\":\"https:\/\/boomandsmart.com\/wp-content\/uploads\/2023\/05\/gdpr-g6e7ccc8b6_1920.jpg\",\"width\":1920,\"height\":1280},{\"@type\":\"BreadcrumbList\",\"@id\":\"https:\/\/boomandsmart.com\/sudny-dvor-eu-spresnil-pravidla-ukladania-pokut-podla-gdpr\/#breadcrumb\",\"itemListElement\":[{\"@type\":\"ListItem\",\"position\":1,\"name\":\"Home\",\"item\":\"https:\/\/boomandsmart.com\/sk\/\"},{\"@type\":\"ListItem\",\"position\":2,\"name\":\"S\u00fadny dvor E\u00da spresnil pravidl\u00e1 ukladania pok\u00fat pod\u013ea GDPR\"}]},{\"@type\":\"WebSite\",\"@id\":\"https:\/\/boomandsmart.com\/#website\",\"url\":\"https:\/\/boomandsmart.com\/\",\"name\":\"BOOM &amp; SMART\",\"description\":\"\",\"potentialAction\":[{\"@type\":\"SearchAction\",\"target\":{\"@type\":\"EntryPoint\",\"urlTemplate\":\"https:\/\/boomandsmart.com\/?s={search_term_string}\"},\"query-input\":{\"@type\":\"PropertyValueSpecification\",\"valueRequired\":true,\"valueName\":\"search_term_string\"}}],\"inLanguage\":\"sk-SK\"},{\"@type\":\"Person\",\"@id\":\"https:\/\/boomandsmart.com\/#\/schema\/person\/45472ee9b9a6b06bc4a90e2e95bc7e34\",\"name\":\"boomandsmart\",\"url\":\"https:\/\/boomandsmart.com\/sk\/author\/boomandsmart\/\"}]}<\/script>","yoast_head_json":{"title":"S\u00fadny dvor E\u00da spresnil pravidl\u00e1 ukladania pok\u00fat pod\u013ea GDPR - BOOM &amp; SMART","robots":{"index":"index","follow":"follow","max-snippet":"max-snippet:-1","max-image-preview":"max-image-preview:large","max-video-preview":"max-video-preview:-1"},"canonical":"https:\/\/boomandsmart.com\/sudny-dvor-eu-spresnil-pravidla-ukladania-pokut-podla-gdpr\/","og_locale":"sk_SK","og_type":"article","og_title":"S\u00fadny dvor E\u00da spresnil pravidl\u00e1 ukladania pok\u00fat pod\u013ea GDPR - BOOM &amp; SMART","og_description":"&nbsp; Z\u00a0aktu\u00e1lnych rozhodnut\u00ed S\u00fadneho dvora E\u00da vo veciach C-683\/21 a C-807\/21 (obidva rozhodnutia z 5. decembra 2023) mo\u017eno abstrahova\u0165 nieko\u013eko pravidiel ukladania pok\u00fat dozorn\u00fdmi org\u00e1nmi pod\u013ea \u010dl\u00e1nku 83 V\u0161eobecn\u00e9ho nariadenia o ochrane \u00fadajov (\u010falej ako \u201eGDPR\u201c alebo \u201eNariadenie\u201c). Pre tento \u00fa\u010del tie\u017e s\u00fadny dvor vysvetlil pojem \u201espolo\u010dn\u00ed prev\u00e1dzkovatelia\u201c a pouk\u00e1zal na jeho znaky. Najpodstatnej\u0161ie z\u00e1very...","og_url":"https:\/\/boomandsmart.com\/sudny-dvor-eu-spresnil-pravidla-ukladania-pokut-podla-gdpr\/","og_site_name":"BOOM &amp; SMART","article_published_time":"2023-12-11T09:28:49+00:00","og_image":[{"width":1920,"height":1280,"url":"https:\/\/boomandsmart.com\/wp-content\/uploads\/2023\/05\/gdpr-g6e7ccc8b6_1920.jpg","type":"image\/jpeg"}],"author":"boomandsmart","twitter_card":"summary_large_image","twitter_misc":{"Autor":"boomandsmart","Predpokladan\u00fd \u010das \u010d\u00edtania":"2 min\u00faty"},"schema":{"@context":"https:\/\/schema.org","@graph":[{"@type":"Article","@id":"https:\/\/boomandsmart.com\/sudny-dvor-eu-spresnil-pravidla-ukladania-pokut-podla-gdpr\/#article","isPartOf":{"@id":"https:\/\/boomandsmart.com\/sudny-dvor-eu-spresnil-pravidla-ukladania-pokut-podla-gdpr\/"},"author":{"name":"boomandsmart","@id":"https:\/\/boomandsmart.com\/#\/schema\/person\/45472ee9b9a6b06bc4a90e2e95bc7e34"},"headline":"S\u00fadny dvor E\u00da spresnil pravidl\u00e1 ukladania pok\u00fat pod\u013ea GDPR","datePublished":"2023-12-11T09:28:49+00:00","mainEntityOfPage":{"@id":"https:\/\/boomandsmart.com\/sudny-dvor-eu-spresnil-pravidla-ukladania-pokut-podla-gdpr\/"},"wordCount":540,"image":{"@id":"https:\/\/boomandsmart.com\/sudny-dvor-eu-spresnil-pravidla-ukladania-pokut-podla-gdpr\/#primaryimage"},"thumbnailUrl":"https:\/\/boomandsmart.com\/wp-content\/uploads\/2023\/05\/gdpr-g6e7ccc8b6_1920.jpg","articleSection":["Uncategorized @sk"],"inLanguage":"sk-SK"},{"@type":"WebPage","@id":"https:\/\/boomandsmart.com\/sudny-dvor-eu-spresnil-pravidla-ukladania-pokut-podla-gdpr\/","url":"https:\/\/boomandsmart.com\/sudny-dvor-eu-spresnil-pravidla-ukladania-pokut-podla-gdpr\/","name":"S\u00fadny dvor E\u00da spresnil pravidl\u00e1 ukladania pok\u00fat pod\u013ea GDPR - BOOM &amp; SMART","isPartOf":{"@id":"https:\/\/boomandsmart.com\/#website"},"primaryImageOfPage":{"@id":"https:\/\/boomandsmart.com\/sudny-dvor-eu-spresnil-pravidla-ukladania-pokut-podla-gdpr\/#primaryimage"},"image":{"@id":"https:\/\/boomandsmart.com\/sudny-dvor-eu-spresnil-pravidla-ukladania-pokut-podla-gdpr\/#primaryimage"},"thumbnailUrl":"https:\/\/boomandsmart.com\/wp-content\/uploads\/2023\/05\/gdpr-g6e7ccc8b6_1920.jpg","datePublished":"2023-12-11T09:28:49+00:00","author":{"@id":"https:\/\/boomandsmart.com\/#\/schema\/person\/45472ee9b9a6b06bc4a90e2e95bc7e34"},"breadcrumb":{"@id":"https:\/\/boomandsmart.com\/sudny-dvor-eu-spresnil-pravidla-ukladania-pokut-podla-gdpr\/#breadcrumb"},"inLanguage":"sk-SK","potentialAction":[{"@type":"ReadAction","target":["https:\/\/boomandsmart.com\/sudny-dvor-eu-spresnil-pravidla-ukladania-pokut-podla-gdpr\/"]}]},{"@type":"ImageObject","inLanguage":"sk-SK","@id":"https:\/\/boomandsmart.com\/sudny-dvor-eu-spresnil-pravidla-ukladania-pokut-podla-gdpr\/#primaryimage","url":"https:\/\/boomandsmart.com\/wp-content\/uploads\/2023\/05\/gdpr-g6e7ccc8b6_1920.jpg","contentUrl":"https:\/\/boomandsmart.com\/wp-content\/uploads\/2023\/05\/gdpr-g6e7ccc8b6_1920.jpg","width":1920,"height":1280},{"@type":"BreadcrumbList","@id":"https:\/\/boomandsmart.com\/sudny-dvor-eu-spresnil-pravidla-ukladania-pokut-podla-gdpr\/#breadcrumb","itemListElement":[{"@type":"ListItem","position":1,"name":"Home","item":"https:\/\/boomandsmart.com\/sk\/"},{"@type":"ListItem","position":2,"name":"S\u00fadny dvor E\u00da spresnil pravidl\u00e1 ukladania pok\u00fat pod\u013ea GDPR"}]},{"@type":"WebSite","@id":"https:\/\/boomandsmart.com\/#website","url":"https:\/\/boomandsmart.com\/","name":"BOOM &amp; SMART","description":"","potentialAction":[{"@type":"SearchAction","target":{"@type":"EntryPoint","urlTemplate":"https:\/\/boomandsmart.com\/?s={search_term_string}"},"query-input":{"@type":"PropertyValueSpecification","valueRequired":true,"valueName":"search_term_string"}}],"inLanguage":"sk-SK"},{"@type":"Person","@id":"https:\/\/boomandsmart.com\/#\/schema\/person\/45472ee9b9a6b06bc4a90e2e95bc7e34","name":"boomandsmart","url":"https:\/\/boomandsmart.com\/sk\/author\/boomandsmart\/"}]}},"_links":{"self":[{"href":"https:\/\/boomandsmart.com\/sk\/wp-json\/wp\/v2\/posts\/1265","targetHints":{"allow":["GET"]}}],"collection":[{"href":"https:\/\/boomandsmart.com\/sk\/wp-json\/wp\/v2\/posts"}],"about":[{"href":"https:\/\/boomandsmart.com\/sk\/wp-json\/wp\/v2\/types\/post"}],"author":[{"embeddable":true,"href":"https:\/\/boomandsmart.com\/sk\/wp-json\/wp\/v2\/users\/3"}],"replies":[{"embeddable":true,"href":"https:\/\/boomandsmart.com\/sk\/wp-json\/wp\/v2\/comments?post=1265"}],"version-history":[{"count":0,"href":"https:\/\/boomandsmart.com\/sk\/wp-json\/wp\/v2\/posts\/1265\/revisions"}],"wp:featuredmedia":[{"embeddable":true,"href":"https:\/\/boomandsmart.com\/sk\/wp-json\/wp\/v2\/media\/1266"}],"wp:attachment":[{"href":"https:\/\/boomandsmart.com\/sk\/wp-json\/wp\/v2\/media?parent=1265"}],"wp:term":[{"taxonomy":"category","embeddable":true,"href":"https:\/\/boomandsmart.com\/sk\/wp-json\/wp\/v2\/categories?post=1265"},{"taxonomy":"post_tag","embeddable":true,"href":"https:\/\/boomandsmart.com\/sk\/wp-json\/wp\/v2\/tags?post=1265"}],"curies":[{"name":"wp","href":"https:\/\/api.w.org\/{rel}","templated":true}]}}