{"id":1283,"date":"2023-09-19T09:36:42","date_gmt":"2023-09-19T07:36:42","guid":{"rendered":"https:\/\/boomandsmart.com\/zrusenie-mimoriadnej-situacie-pre-covid-19-a-dopad-na-zakony\/"},"modified":"2023-09-19T09:36:42","modified_gmt":"2023-09-19T07:36:42","slug":"zrusenie-mimoriadnej-situacie-pre-covid-19-a-dopad-na-zakony","status":"publish","type":"post","link":"https:\/\/boomandsmart.com\/sk\/zrusenie-mimoriadnej-situacie-pre-covid-19-a-dopad-na-zakony\/","title":{"rendered":"Zru\u0161enie mimoriadnej situ\u00e1cie pre COVID-19 a dopad na z\u00e1kony"},"content":{"rendered":"<p>&nbsp;<\/p>\n<p>Vl\u00e1da Slovenskej republiky po tri a\u00a0pol roku zru\u0161ila mimoriadnu situ\u00e1ciu, vyhl\u00e1sen\u00fa na celom \u00fazem\u00ed SR z\u00a0d\u00f4vodu pand\u00e9mie COVID-19. Mimoriadna situ\u00e1cia v s\u00favislosti s ohrozen\u00edm verejn\u00e9ho zdravia II. stup\u0148a z d\u00f4vodu ochorenia COVID-19 sp\u00f4soben\u00fdm korona v\u00edrusom SARS-CoV-2 tak bola pre cel\u00e9 \u00fazemie Slovenskej republiky zru\u0161en\u00e1 ku d\u0148u 15. septembra 2023 o 6:00 hod.<\/p>\n<p>Po\u010das mimoriadnej situ\u00e1cie z\u00a0d\u00f4vodu ochorenia COVID-19 platili aj v\u00a0pr\u00e1vnych predpisoch niektor\u00e9 mimoriadne ustanovenia, \u010di r\u00f4zne z\u00e1konn\u00e9 v\u00fdnimky. Zru\u0161enie mimoriadnej situ\u00e1cie pre COVID-19 sa tak najviac dotkne pracovnopr\u00e1vnych vz\u0165ahov a\u00a0finan\u010dn\u00fdch vz\u0165ahov. Na tie najd\u00f4le\u017eitej\u0161ie poukazujeme v\u00a0texte ni\u017e\u0161ie.<\/p>\n<p>Pre \u00faplnos\u0165 treba uvies\u0165, \u017ee na celom \u00fazem\u00ed SR plat\u00ed st\u00e1le mimoriadna situ\u00e1cia vyhl\u00e1sen\u00e1 od 26. febru\u00e1ra 2022 v s\u00favislosti s hromadn\u00fdm pr\u00edlevom cudzincov na \u00fazemie Slovenskej republiky sp\u00f4soben\u00fdm ozbrojen\u00fdm konfliktom na \u00fazem\u00ed Ukrajiny.<\/p>\n<p>&nbsp;<\/p>\n<p><strong>Pracovnopr\u00e1vne vz\u0165ahy<\/strong><\/p>\n<p>Po\u010das mimoriadnej situ\u00e1cie mohol zamestn\u00e1vate\u013e so zamestnancom pred\u013a\u017ei\u0165 pracovn\u00fd pomer na dobu ur\u010dit\u00fa (po predch\u00e1dzaj\u00facom prerokovan\u00ed so z\u00e1stupcami zamestnancov) aj tret\u00edkr\u00e1t a\u00a0to maxim\u00e1lne o\u00a0jeden rok. Celkov\u00e1 doba trvania pracovn\u00e9ho pomeru na dobu ur\u010dit\u00fa tak mohla by\u0165 nie dva, ale tri roky a\u00a0pracovn\u00fd pomer mohol by\u0165 pred\u013a\u017een\u00fd alebo op\u00e4tovne uzavret\u00fd trikr\u00e1t, nielen dvakr\u00e1t.<\/p>\n<p>Zamestn\u00e1vate\u013e tie\u017e mohol rozvrhnutie pracovn\u00e9ho \u010dasu zamestnancovi ozn\u00e1mi\u0165 len dva dni vopred (namiesto 7 dn\u00ed), alebo mu ozn\u00e1mi\u0165 \u010derpanie dovolenky len 7 dn\u00ed vopred (namiesto 14 dn\u00ed).<\/p>\n<p>Aj ke\u010f sme v\u00a0texte vy\u0161\u0161ie pou\u017eili minul\u00fd \u010das, treba uvies\u0165, \u017ee uveden\u00e9 v\u00fdnimky m\u00f4\u017ee zamestn\u00e1vate\u013e vyu\u017ei\u0165 e\u0161te dva mesiace po odvolan\u00ed mimoriadnej situ\u00e1cie.<\/p>\n<p>Ur\u010dit\u00e9 v\u00fdnimky platili aj pod\u013ea z\u00e1kona \u010d. 124\/2006 Z. z. o\u00a0bezpe\u010dnosti a\u00a0ochrane zdravia pri pr\u00e1ce (\u010falej ako \u201ez\u00e1kon o\u00a0BOZP\u201c). I\u0161lo predov\u0161etk\u00fdm o\u00a0zmiernenie oboznamovacej a\u00a0informa\u010dnej povinnosti zamestn\u00e1vate\u013ea vo\u010di zamestnancom pod\u013ea \u00a7 7, alebo spo\u010d\u00edvanie niektor\u00fdch leh\u00f4t uveden\u00fdch v \u00a7 39i z\u00e1kona o BOZP (napr. v\u00a0s\u00favislosti s\u00a0rekondi\u010dn\u00fdmi pobytmi).<\/p>\n<p>Pod\u013ea \u00a7 7 z\u00e1kona o\u00a0BOZP je zamestn\u00e1vate\u013e povinn\u00fd pri prijat\u00ed zamestnanca do zamestnania, jeho prelo\u017een\u00ed na in\u00e9 pracovisko alebo in\u00fa pr\u00e1cu, zaveden\u00ed novej technol\u00f3gie, nov\u00e9ho pracovn\u00e9ho postupu alebo nov\u00e9ho pracovn\u00e9ho prostriedku, obozn\u00e1mi\u0165 ho s\u00a0predpismi o\u00a0BOZP, z\u00e1sadami bezpe\u010dnosti pr\u00e1ce a\u00a0\u010fal\u0161ou dokument\u00e1ciou pod\u013ea z\u00e1kona o\u00a0BOZP. Pokia\u013e to v\u0161ak nebolo objekt\u00edvne mo\u017en\u00e9, zamestn\u00e1vate\u013e si t\u00fato povinnos\u0165 mohol splni\u0165 aj nesk\u00f4r. Najnesk\u00f4r v\u0161ak do jedn\u00e9ho mesiaca od odvolania mimoriadnej situ\u00e1cie.<\/p>\n<p>&nbsp;<\/p>\n<p><strong>Finan\u010dn\u00e9 vz\u0165ahy<\/strong><\/p>\n<p>Ustanovenia z\u00e1kona \u010d. 67\/2020 Z. z. o niektor\u00fdch mimoriadnych opatreniach vo finan\u010dnej oblasti v s\u00favislosti so \u0161\u00edren\u00edm nebezpe\u010dnej n\u00e1kazlivej \u013eudskej choroby COVID-19 sa prestan\u00fa uplat\u0148ova\u0165 d\u0148a 30. septembra 2023 (uplat\u0148uj\u00fa sa do konca kalend\u00e1rneho mesiaca, v ktorom vl\u00e1da mimoriadnu situ\u00e1ciu odvol\u00e1). Ide napr\u00edklad o\u00a0tieto ustanovenia:<\/p>\n<p><strong>Finan\u010dn\u00e1 pomoc na podporu udr\u017eania prev\u00e1dzky v mal\u00fdch a stredn\u00fdch podnikoch <\/strong><\/p>\n<p>Finan\u010dn\u00fa pomoc mohlo poskytova\u0165 Ministerstvo financi\u00ed SR formou z\u00e1ruky za \u00faver poskytnut\u00fd sprostredkovate\u013eom pomoci alebo formou bonifik\u00e1cie \u00faroku, teda \u00fahrady \u00faroku z \u00faveru poskytnut\u00e9ho sprostredkovate\u013eom pomoci (sprostredkovate\u013eom pomoci s\u00fa Exportno-importn\u00e1 banka Slovenskej republiky a Slovensk\u00e1 z\u00e1ru\u010dn\u00e1 a rozvojov\u00e1 banka, a.s.). Ministerstvo financi\u00ed tak prakticky mohlo uhradi\u0165 spl\u00e1tku \u00faveru za mal\u00e9ho podnikate\u013ea, ktor\u00fd v\u0161ak bol, resp. bude povinn\u00fd spl\u00e1tku vr\u00e1ti\u0165 aj s\u00a0\u00farokom.<\/p>\n<p><strong>Odklad spl\u00e1tok \u00faveru<\/strong><\/p>\n<p>Verite\u013e, ktor\u00fdm je banka, bol (resp. e\u0161te st\u00e1le je) povinn\u00fd na z\u00e1klade \u017eiadosti dl\u017en\u00edka umo\u017eni\u0165 mu odklad spl\u00e1tok \u00faveru a\u00a0to na obdobie, ktor\u00e9 \u017eiada, najdlh\u0161ie v\u0161ak na 9 mesiacov. In\u00ed veritelia, ktor\u00ed nie s\u00fa bankou (napr. spolo\u010dnosti spl\u00e1tkov\u00e9ho predaja) boli povinn\u00ed odlo\u017ei\u0165 na \u017eiados\u0165 dl\u017en\u00edka odklad spl\u00e1tok na 3 mesiace, s\u00a0mo\u017enos\u0165ou pred\u013a\u017eenia o\u00a0\u010fal\u0161ie tri mesiace.<\/p>\n<p>Dl\u017en\u00edkom sa pritom rozumie tak spotrebite\u013e, ako aj fyzick\u00e1 osoba \u2013 podnikate\u013e \u010di pr\u00e1vnick\u00e1 osoba \u2013 mal\u00fd podnikate\u013e (do 250 zamestnancov a\u00a0s\u00a0ro\u010dn\u00fdm obratom men\u0161\u00edm ako 50 mil. Eur).<\/p>\n<p><strong>Limity pri bezkontaktn\u00fdch platb\u00e1ch platobnou kartou<\/strong><\/p>\n<p>Poskytovate\u013e platobn\u00fdch slu\u017eieb bol po\u010das obdobia pand\u00e9mie povinn\u00fd uplat\u0148ova\u0165 pri platobn\u00fdch oper\u00e1ci\u00e1ch vykon\u00e1van\u00fdch prostredn\u00edctvom platobnej karty najvy\u0161\u0161ie limity pod\u013ea \u010dl\u00e1nku 11 delegovan\u00e9ho nariadenia Komisie (E\u00da) \u010d. 2018\/389 z 27. novembra 2017, teda bol povinn\u00fd umo\u017eni\u0165 vykona\u0165 bezkontaktn\u00fa platbu do v\u00fd\u0161ky 50,- Eur.<\/p>\n<p>&nbsp;<\/p>\n<p><strong>Platby v\u00a0hotovosti nad 15.000 Eur<\/strong><\/p>\n<p>Pod\u013ea z\u00e1kona \u010d. 394\/2012 Z. z. o\u00a0obmedzen\u00ed platieb v\u00a0hotovosti sa zakazuj\u00fa platby v\u00a0hotovosti, ktor\u00fdch hodnota prevy\u0161uje 15.000 Eur. Uveden\u00e9 obmedzenie sa v\u0161ak nevz\u0165ahuje na platby odovzdan\u00e9 alebo prijat\u00e9 v\u00a0\u010dase mimoriadnej situ\u00e1cie.<\/p>\n<p>Ke\u010f\u017ee od 15. septembra bola zru\u0161en\u00e1 len mimoriadna situ\u00e1cia v\u00a0s\u00favislosti s\u00a0ochoren\u00edm COVID-19 a\u00a0nie mimoriadna situ\u00e1cia v\u00a0s\u00favislosti s\u00a0pr\u00edlevom cudzincov sp\u00f4soben\u00fdm konfliktom na Ukrajine, predmetn\u00e9 obmedzenie na platby v\u00a0hotovosti sa aktu\u00e1lne st\u00e1le neuplat\u0148uje. Z\u00e1kon neuplat\u0148ovanie tejto povinnosti via\u017ee na mimoriadnu situ\u00e1ciu vo v\u0161eobecnosti, nielen na mimoriadnu situ\u00e1ciu v\u00a0s\u00favislosti s\u00a0ochoren\u00edm COVID-19.<\/p>\n","protected":false},"excerpt":{"rendered":"<p>&nbsp; Vl\u00e1da Slovenskej republiky po tri a\u00a0pol roku zru\u0161ila mimoriadnu situ\u00e1ciu, vyhl\u00e1sen\u00fa na celom \u00fazem\u00ed SR z\u00a0d\u00f4vodu pand\u00e9mie COVID-19. Mimoriadna situ\u00e1cia v s\u00favislosti s ohrozen\u00edm verejn\u00e9ho zdravia II. stup\u0148a z d\u00f4vodu ochorenia COVID-19 sp\u00f4soben\u00fdm korona v\u00edrusom SARS-CoV-2 tak bola pre cel\u00e9 \u00fazemie Slovenskej republiky zru\u0161en\u00e1 ku d\u0148u 15. septembra 2023 o 6:00 hod. Po\u010das mimoriadnej&#8230;<\/p>\n","protected":false},"author":3,"featured_media":1284,"comment_status":"closed","ping_status":"closed","sticky":false,"template":"","format":"standard","meta":{"inline_featured_image":false,"footnotes":""},"categories":[1],"tags":[],"class_list":["post-1283","post","type-post","status-publish","format-standard","has-post-thumbnail","hentry","category-uncategorized-sk"],"yoast_head":"<title>Zru\u0161enie mimoriadnej situ\u00e1cie pre COVID-19 a dopad na z\u00e1kony - BOOM &amp; SMART<\/title>\n<meta name=\"robots\" content=\"index, follow, max-snippet:-1, max-image-preview:large, max-video-preview:-1\" \/>\n<link rel=\"canonical\" href=\"https:\/\/boomandsmart.com\/zrusenie-mimoriadnej-situacie-pre-covid-19-a-dopad-na-zakony\/\" \/>\n<meta property=\"og:locale\" content=\"sk_SK\" \/>\n<meta property=\"og:type\" content=\"article\" \/>\n<meta property=\"og:title\" content=\"Zru\u0161enie mimoriadnej situ\u00e1cie pre COVID-19 a dopad na z\u00e1kony - BOOM &amp; SMART\" \/>\n<meta property=\"og:description\" content=\"&nbsp; Vl\u00e1da Slovenskej republiky po tri a\u00a0pol roku zru\u0161ila mimoriadnu situ\u00e1ciu, vyhl\u00e1sen\u00fa na celom \u00fazem\u00ed SR z\u00a0d\u00f4vodu pand\u00e9mie COVID-19. Mimoriadna situ\u00e1cia v s\u00favislosti s ohrozen\u00edm verejn\u00e9ho zdravia II. stup\u0148a z d\u00f4vodu ochorenia COVID-19 sp\u00f4soben\u00fdm korona v\u00edrusom SARS-CoV-2 tak bola pre cel\u00e9 \u00fazemie Slovenskej republiky zru\u0161en\u00e1 ku d\u0148u 15. septembra 2023 o 6:00 hod. Po\u010das mimoriadnej...\" \/>\n<meta property=\"og:url\" content=\"https:\/\/boomandsmart.com\/zrusenie-mimoriadnej-situacie-pre-covid-19-a-dopad-na-zakony\/\" \/>\n<meta property=\"og:site_name\" content=\"BOOM &amp; SMART\" \/>\n<meta property=\"article:published_time\" content=\"2023-09-19T07:36:42+00:00\" \/>\n<meta property=\"og:image\" content=\"https:\/\/boomandsmart.com\/wp-content\/uploads\/2023\/09\/coronavirus-5174671_1280.jpg\" \/>\n\t<meta property=\"og:image:width\" content=\"1280\" \/>\n\t<meta property=\"og:image:height\" content=\"853\" \/>\n\t<meta property=\"og:image:type\" content=\"image\/jpeg\" \/>\n<meta name=\"author\" content=\"boomandsmart\" \/>\n<meta name=\"twitter:card\" content=\"summary_large_image\" \/>\n<meta name=\"twitter:label1\" content=\"Autor\" \/>\n\t<meta name=\"twitter:data1\" content=\"boomandsmart\" \/>\n\t<meta name=\"twitter:label2\" content=\"Predpokladan\u00fd \u010das \u010d\u00edtania\" \/>\n\t<meta name=\"twitter:data2\" content=\"4 min\u00faty\" \/>\n<script type=\"application\/ld+json\" class=\"yoast-schema-graph\">{\"@context\":\"https:\/\/schema.org\",\"@graph\":[{\"@type\":\"Article\",\"@id\":\"https:\/\/boomandsmart.com\/zrusenie-mimoriadnej-situacie-pre-covid-19-a-dopad-na-zakony\/#article\",\"isPartOf\":{\"@id\":\"https:\/\/boomandsmart.com\/zrusenie-mimoriadnej-situacie-pre-covid-19-a-dopad-na-zakony\/\"},\"author\":{\"name\":\"boomandsmart\",\"@id\":\"https:\/\/boomandsmart.com\/#\/schema\/person\/45472ee9b9a6b06bc4a90e2e95bc7e34\"},\"headline\":\"Zru\u0161enie mimoriadnej situ\u00e1cie pre COVID-19 a dopad na z\u00e1kony\",\"datePublished\":\"2023-09-19T07:36:42+00:00\",\"mainEntityOfPage\":{\"@id\":\"https:\/\/boomandsmart.com\/zrusenie-mimoriadnej-situacie-pre-covid-19-a-dopad-na-zakony\/\"},\"wordCount\":937,\"image\":{\"@id\":\"https:\/\/boomandsmart.com\/zrusenie-mimoriadnej-situacie-pre-covid-19-a-dopad-na-zakony\/#primaryimage\"},\"thumbnailUrl\":\"https:\/\/boomandsmart.com\/wp-content\/uploads\/2023\/09\/coronavirus-5174671_1280.jpg\",\"articleSection\":[\"Uncategorized @sk\"],\"inLanguage\":\"sk-SK\"},{\"@type\":\"WebPage\",\"@id\":\"https:\/\/boomandsmart.com\/zrusenie-mimoriadnej-situacie-pre-covid-19-a-dopad-na-zakony\/\",\"url\":\"https:\/\/boomandsmart.com\/zrusenie-mimoriadnej-situacie-pre-covid-19-a-dopad-na-zakony\/\",\"name\":\"Zru\u0161enie mimoriadnej situ\u00e1cie pre COVID-19 a dopad na z\u00e1kony - BOOM &amp; SMART\",\"isPartOf\":{\"@id\":\"https:\/\/boomandsmart.com\/#website\"},\"primaryImageOfPage\":{\"@id\":\"https:\/\/boomandsmart.com\/zrusenie-mimoriadnej-situacie-pre-covid-19-a-dopad-na-zakony\/#primaryimage\"},\"image\":{\"@id\":\"https:\/\/boomandsmart.com\/zrusenie-mimoriadnej-situacie-pre-covid-19-a-dopad-na-zakony\/#primaryimage\"},\"thumbnailUrl\":\"https:\/\/boomandsmart.com\/wp-content\/uploads\/2023\/09\/coronavirus-5174671_1280.jpg\",\"datePublished\":\"2023-09-19T07:36:42+00:00\",\"author\":{\"@id\":\"https:\/\/boomandsmart.com\/#\/schema\/person\/45472ee9b9a6b06bc4a90e2e95bc7e34\"},\"breadcrumb\":{\"@id\":\"https:\/\/boomandsmart.com\/zrusenie-mimoriadnej-situacie-pre-covid-19-a-dopad-na-zakony\/#breadcrumb\"},\"inLanguage\":\"sk-SK\",\"potentialAction\":[{\"@type\":\"ReadAction\",\"target\":[\"https:\/\/boomandsmart.com\/zrusenie-mimoriadnej-situacie-pre-covid-19-a-dopad-na-zakony\/\"]}]},{\"@type\":\"ImageObject\",\"inLanguage\":\"sk-SK\",\"@id\":\"https:\/\/boomandsmart.com\/zrusenie-mimoriadnej-situacie-pre-covid-19-a-dopad-na-zakony\/#primaryimage\",\"url\":\"https:\/\/boomandsmart.com\/wp-content\/uploads\/2023\/09\/coronavirus-5174671_1280.jpg\",\"contentUrl\":\"https:\/\/boomandsmart.com\/wp-content\/uploads\/2023\/09\/coronavirus-5174671_1280.jpg\",\"width\":1280,\"height\":853},{\"@type\":\"BreadcrumbList\",\"@id\":\"https:\/\/boomandsmart.com\/zrusenie-mimoriadnej-situacie-pre-covid-19-a-dopad-na-zakony\/#breadcrumb\",\"itemListElement\":[{\"@type\":\"ListItem\",\"position\":1,\"name\":\"Home\",\"item\":\"https:\/\/boomandsmart.com\/sk\/\"},{\"@type\":\"ListItem\",\"position\":2,\"name\":\"Zru\u0161enie mimoriadnej situ\u00e1cie pre COVID-19 a dopad na z\u00e1kony\"}]},{\"@type\":\"WebSite\",\"@id\":\"https:\/\/boomandsmart.com\/#website\",\"url\":\"https:\/\/boomandsmart.com\/\",\"name\":\"BOOM &amp; SMART\",\"description\":\"\",\"potentialAction\":[{\"@type\":\"SearchAction\",\"target\":{\"@type\":\"EntryPoint\",\"urlTemplate\":\"https:\/\/boomandsmart.com\/?s={search_term_string}\"},\"query-input\":{\"@type\":\"PropertyValueSpecification\",\"valueRequired\":true,\"valueName\":\"search_term_string\"}}],\"inLanguage\":\"sk-SK\"},{\"@type\":\"Person\",\"@id\":\"https:\/\/boomandsmart.com\/#\/schema\/person\/45472ee9b9a6b06bc4a90e2e95bc7e34\",\"name\":\"boomandsmart\",\"url\":\"https:\/\/boomandsmart.com\/sk\/author\/boomandsmart\/\"}]}<\/script>","yoast_head_json":{"title":"Zru\u0161enie mimoriadnej situ\u00e1cie pre COVID-19 a dopad na z\u00e1kony - BOOM &amp; SMART","robots":{"index":"index","follow":"follow","max-snippet":"max-snippet:-1","max-image-preview":"max-image-preview:large","max-video-preview":"max-video-preview:-1"},"canonical":"https:\/\/boomandsmart.com\/zrusenie-mimoriadnej-situacie-pre-covid-19-a-dopad-na-zakony\/","og_locale":"sk_SK","og_type":"article","og_title":"Zru\u0161enie mimoriadnej situ\u00e1cie pre COVID-19 a dopad na z\u00e1kony - BOOM &amp; SMART","og_description":"&nbsp; Vl\u00e1da Slovenskej republiky po tri a\u00a0pol roku zru\u0161ila mimoriadnu situ\u00e1ciu, vyhl\u00e1sen\u00fa na celom \u00fazem\u00ed SR z\u00a0d\u00f4vodu pand\u00e9mie COVID-19. Mimoriadna situ\u00e1cia v s\u00favislosti s ohrozen\u00edm verejn\u00e9ho zdravia II. stup\u0148a z d\u00f4vodu ochorenia COVID-19 sp\u00f4soben\u00fdm korona v\u00edrusom SARS-CoV-2 tak bola pre cel\u00e9 \u00fazemie Slovenskej republiky zru\u0161en\u00e1 ku d\u0148u 15. septembra 2023 o 6:00 hod. Po\u010das mimoriadnej...","og_url":"https:\/\/boomandsmart.com\/zrusenie-mimoriadnej-situacie-pre-covid-19-a-dopad-na-zakony\/","og_site_name":"BOOM &amp; SMART","article_published_time":"2023-09-19T07:36:42+00:00","og_image":[{"width":1280,"height":853,"url":"https:\/\/boomandsmart.com\/wp-content\/uploads\/2023\/09\/coronavirus-5174671_1280.jpg","type":"image\/jpeg"}],"author":"boomandsmart","twitter_card":"summary_large_image","twitter_misc":{"Autor":"boomandsmart","Predpokladan\u00fd \u010das \u010d\u00edtania":"4 min\u00faty"},"schema":{"@context":"https:\/\/schema.org","@graph":[{"@type":"Article","@id":"https:\/\/boomandsmart.com\/zrusenie-mimoriadnej-situacie-pre-covid-19-a-dopad-na-zakony\/#article","isPartOf":{"@id":"https:\/\/boomandsmart.com\/zrusenie-mimoriadnej-situacie-pre-covid-19-a-dopad-na-zakony\/"},"author":{"name":"boomandsmart","@id":"https:\/\/boomandsmart.com\/#\/schema\/person\/45472ee9b9a6b06bc4a90e2e95bc7e34"},"headline":"Zru\u0161enie mimoriadnej situ\u00e1cie pre COVID-19 a dopad na z\u00e1kony","datePublished":"2023-09-19T07:36:42+00:00","mainEntityOfPage":{"@id":"https:\/\/boomandsmart.com\/zrusenie-mimoriadnej-situacie-pre-covid-19-a-dopad-na-zakony\/"},"wordCount":937,"image":{"@id":"https:\/\/boomandsmart.com\/zrusenie-mimoriadnej-situacie-pre-covid-19-a-dopad-na-zakony\/#primaryimage"},"thumbnailUrl":"https:\/\/boomandsmart.com\/wp-content\/uploads\/2023\/09\/coronavirus-5174671_1280.jpg","articleSection":["Uncategorized @sk"],"inLanguage":"sk-SK"},{"@type":"WebPage","@id":"https:\/\/boomandsmart.com\/zrusenie-mimoriadnej-situacie-pre-covid-19-a-dopad-na-zakony\/","url":"https:\/\/boomandsmart.com\/zrusenie-mimoriadnej-situacie-pre-covid-19-a-dopad-na-zakony\/","name":"Zru\u0161enie mimoriadnej situ\u00e1cie pre COVID-19 a dopad na z\u00e1kony - BOOM &amp; SMART","isPartOf":{"@id":"https:\/\/boomandsmart.com\/#website"},"primaryImageOfPage":{"@id":"https:\/\/boomandsmart.com\/zrusenie-mimoriadnej-situacie-pre-covid-19-a-dopad-na-zakony\/#primaryimage"},"image":{"@id":"https:\/\/boomandsmart.com\/zrusenie-mimoriadnej-situacie-pre-covid-19-a-dopad-na-zakony\/#primaryimage"},"thumbnailUrl":"https:\/\/boomandsmart.com\/wp-content\/uploads\/2023\/09\/coronavirus-5174671_1280.jpg","datePublished":"2023-09-19T07:36:42+00:00","author":{"@id":"https:\/\/boomandsmart.com\/#\/schema\/person\/45472ee9b9a6b06bc4a90e2e95bc7e34"},"breadcrumb":{"@id":"https:\/\/boomandsmart.com\/zrusenie-mimoriadnej-situacie-pre-covid-19-a-dopad-na-zakony\/#breadcrumb"},"inLanguage":"sk-SK","potentialAction":[{"@type":"ReadAction","target":["https:\/\/boomandsmart.com\/zrusenie-mimoriadnej-situacie-pre-covid-19-a-dopad-na-zakony\/"]}]},{"@type":"ImageObject","inLanguage":"sk-SK","@id":"https:\/\/boomandsmart.com\/zrusenie-mimoriadnej-situacie-pre-covid-19-a-dopad-na-zakony\/#primaryimage","url":"https:\/\/boomandsmart.com\/wp-content\/uploads\/2023\/09\/coronavirus-5174671_1280.jpg","contentUrl":"https:\/\/boomandsmart.com\/wp-content\/uploads\/2023\/09\/coronavirus-5174671_1280.jpg","width":1280,"height":853},{"@type":"BreadcrumbList","@id":"https:\/\/boomandsmart.com\/zrusenie-mimoriadnej-situacie-pre-covid-19-a-dopad-na-zakony\/#breadcrumb","itemListElement":[{"@type":"ListItem","position":1,"name":"Home","item":"https:\/\/boomandsmart.com\/sk\/"},{"@type":"ListItem","position":2,"name":"Zru\u0161enie mimoriadnej situ\u00e1cie pre COVID-19 a dopad na z\u00e1kony"}]},{"@type":"WebSite","@id":"https:\/\/boomandsmart.com\/#website","url":"https:\/\/boomandsmart.com\/","name":"BOOM &amp; SMART","description":"","potentialAction":[{"@type":"SearchAction","target":{"@type":"EntryPoint","urlTemplate":"https:\/\/boomandsmart.com\/?s={search_term_string}"},"query-input":{"@type":"PropertyValueSpecification","valueRequired":true,"valueName":"search_term_string"}}],"inLanguage":"sk-SK"},{"@type":"Person","@id":"https:\/\/boomandsmart.com\/#\/schema\/person\/45472ee9b9a6b06bc4a90e2e95bc7e34","name":"boomandsmart","url":"https:\/\/boomandsmart.com\/sk\/author\/boomandsmart\/"}]}},"_links":{"self":[{"href":"https:\/\/boomandsmart.com\/sk\/wp-json\/wp\/v2\/posts\/1283","targetHints":{"allow":["GET"]}}],"collection":[{"href":"https:\/\/boomandsmart.com\/sk\/wp-json\/wp\/v2\/posts"}],"about":[{"href":"https:\/\/boomandsmart.com\/sk\/wp-json\/wp\/v2\/types\/post"}],"author":[{"embeddable":true,"href":"https:\/\/boomandsmart.com\/sk\/wp-json\/wp\/v2\/users\/3"}],"replies":[{"embeddable":true,"href":"https:\/\/boomandsmart.com\/sk\/wp-json\/wp\/v2\/comments?post=1283"}],"version-history":[{"count":0,"href":"https:\/\/boomandsmart.com\/sk\/wp-json\/wp\/v2\/posts\/1283\/revisions"}],"wp:featuredmedia":[{"embeddable":true,"href":"https:\/\/boomandsmart.com\/sk\/wp-json\/wp\/v2\/media\/1284"}],"wp:attachment":[{"href":"https:\/\/boomandsmart.com\/sk\/wp-json\/wp\/v2\/media?parent=1283"}],"wp:term":[{"taxonomy":"category","embeddable":true,"href":"https:\/\/boomandsmart.com\/sk\/wp-json\/wp\/v2\/categories?post=1283"},{"taxonomy":"post_tag","embeddable":true,"href":"https:\/\/boomandsmart.com\/sk\/wp-json\/wp\/v2\/tags?post=1283"}],"curies":[{"name":"wp","href":"https:\/\/api.w.org\/{rel}","templated":true}]}}