{"id":1295,"date":"2023-06-27T08:29:53","date_gmt":"2023-06-27T06:29:53","guid":{"rendered":"https:\/\/boomandsmart.com\/pravo-na-pristup-k-osobnym-udajom-podla-cl-15-gdpr-a-ochrana-tretich-osob\/"},"modified":"2023-06-27T08:29:53","modified_gmt":"2023-06-27T06:29:53","slug":"pravo-na-pristup-k-osobnym-udajom-podla-cl-15-gdpr-a-ochrana-tretich-osob","status":"publish","type":"post","link":"https:\/\/boomandsmart.com\/sk\/pravo-na-pristup-k-osobnym-udajom-podla-cl-15-gdpr-a-ochrana-tretich-osob\/","title":{"rendered":"Pr\u00e1vo na pr\u00edstup k osobn\u00fdm \u00fadajom pod\u013ea \u010dl. 15 GDPR a ochrana tret\u00edch os\u00f4b"},"content":{"rendered":"<p>&nbsp;<\/p>\n<p>S\u00fadny dvor d\u0148a 22.6.2023 rozhodol vo veci \u201eC-579\/21 | Pankki S\u201c, kde posudzoval hranice pr\u00e1va dotknutej osoby na pr\u00edstup k\u00a0jej osobn\u00fdm \u00fadajom pod\u013ea \u010dl\u00e1nku 15 GDPR.<\/p>\n<p>Zamestnanec a s\u00fa\u010dasne klient istej f\u00ednskej banky sa dozvedel, \u017ee in\u00ed zamestnanci tejto banky sa v obdob\u00ed od 1. novembra 2013 do 31. decembra 2013 nieko\u013ekokr\u00e1t obozn\u00e1mili s jeho osobn\u00fdmi \u00fadajmi, ktor\u00e9 o\u00a0\u0148om banka sprac\u00favala.\u00a0 Po prepusten\u00ed z\u00a0pracovn\u00e9ho pomeru nadobudol pochybnosti o z\u00e1konnosti tohto sprac\u00favania vr\u00e1tane oboznamovania sa s\u00a0\u00fadajmi.<\/p>\n<p>D\u0148a 29.08.2018 po\u017eiadal banku, aby mu ozn\u00e1mila <strong>toto\u017enos\u0165 os\u00f4b, ktor\u00e9 sa obozn\u00e1mili s jeho \u00fadajmi. Z\u00e1rove\u0148 po\u017eadoval inform\u00e1ciu o d\u00e1tumoch, kedy k tomu do\u0161lo, ako aj o\u00a0\u00fa\u010deloch sprac\u00favania uveden\u00fdch \u00fadajov.<\/strong><\/p>\n<p>Banka mu vo svojej odpovedi zo\u00a0d\u0148a 30.08.2018 odmietla poskytn\u00fa\u0165 inform\u00e1cie o\u00a0toto\u017enosti svojich zamestnancov, ktor\u00ed spracovate\u013esk\u00e9 oper\u00e1cie vykonali, \u010do zd\u00f4vodnila ochranou osobn\u00fdch \u00fadajov t\u00fdchto os\u00f4b. In\u00e9 po\u017eadovan\u00e9 inform\u00e1cie \u017eiadate\u013eovi v\u00a0z\u00e1sade poskytla.<\/p>\n<p>Vyvstala tak ot\u00e1zka o\u00a0rozsahu pr\u00e1va na pr\u00edstup dotknutej osoby k\u00a0osobn\u00fdm \u00fadajom pod\u013ea \u010dl\u00e1nku 15 GDPR, ako aj o aplikovate\u013enosti tohto Nariadenia na dan\u00fa situ\u00e1ciu, ke\u010f\u017ee k\u00a0spracovate\u013esk\u00fdm oper\u00e1ci\u00e1m do\u0161lo e\u0161te v\u00a0roku 2013, \u010faleko pred \u00fa\u010dinnos\u0165ou GDPR.<\/p>\n<p>Ako prv\u00fa tak S\u00fadny dvor posudzoval ot\u00e1zku, \u010di sa na \u017eiados\u0165 o\u00a0pr\u00edstup k\u00a0inform\u00e1ci\u00e1m pod\u013ea \u010dl\u00e1nku 15 GDPR uplat\u0148uje toto nariadenie, ak sa spracovate\u013esk\u00e9 oper\u00e1cie, ktor\u00fdch sa \u017eiados\u0165 t\u00fdka, vykonali e\u0161te pred d\u0148om nadobudnutia \u00fa\u010dinnosti GDPR, pri\u010dom v\u0161ak \u017eiados\u0165 o\u00a0pr\u00edstup bola podan\u00e1 po tomto dni.<\/p>\n<p>S\u00fadny dvor rozhodol, \u017ee na tieto situ\u00e1cie sa GDPR <strong>vz\u0165ahuje<\/strong>. Pod\u013ea gener\u00e1lneho advok\u00e1ta aj S\u00fadneho dvora \u010dl\u00e1nok 15 prizn\u00e1va dotknut\u00fdm osob\u00e1m pr\u00e1vo <strong>procesnej povahy<\/strong>, spo\u010d\u00edvaj\u00face v z\u00edskan\u00ed inform\u00e1ci\u00ed o sprac\u00favan\u00ed ich osobn\u00fdch \u00fadajov. Ako procesn\u00e9 pravidlo sa toto ustanovenie uplat\u0148uje na \u017eiados\u0165 o pr\u00edstup k inform\u00e1ci\u00e1m, ak bola t\u00e1to podan\u00e1 po \u00fa\u010dinnosti Nariadenia a to aj v pr\u00edpade, ak k spracovate\u013esk\u00fdm oper\u00e1ci\u00e1m do\u0161lo pred \u00fa\u010dinnos\u0165ou GDPR.<\/p>\n<p>\u010ealej sa S\u00fadny dvor zaoberal ot\u00e1zkou, \u010di inform\u00e1cie, t\u00fdkaj\u00face sa oper\u00e1ci\u00ed vykonan\u00fdch pri oboznamovan\u00ed sa s\u00a0osobn\u00fdmi \u00fadajmi osoby, ktor\u00e9 sa t\u00fdkaj\u00fa d\u00e1tumov a\u00a0\u00fa\u010delov t\u00fdchto oper\u00e1ci\u00ed, ako aj toto\u017enosti fyzick\u00fdch os\u00f4b, ktor\u00e9 tieto oper\u00e1cie vykonali, predstavuj\u00fa inform\u00e1cie, ktor\u00e9 m\u00e1 dotknut\u00e1 osoba pr\u00e1vo z\u00edska\u0165 od prev\u00e1dzkovate\u013ea v\u00a0zmysle \u010dl\u00e1nku 15 GDPR.<\/p>\n<p>Pod\u013ea S\u00fadneho dvora inform\u00e1cie, t\u00fdkaj\u00face sa oboznamovania s osobn\u00fdmi \u00fadajmi konkr\u00e9tnej osoby, <strong>ktor\u00e9 sa t\u00fdkaj\u00fa d\u00e1tumov a \u00fa\u010delov t\u00fdchto oper\u00e1ci\u00ed, sa maj\u00fa <\/strong>na z\u00e1klade \u017eiadosti pod\u013ea \u010dl\u00e1nku 15 GDPR <strong>dotknutej osobe poskytn\u00fa\u0165<\/strong>. Poskytnutie t\u00fdchto inform\u00e1ci\u00ed je nevyhnutn\u00e9 na splnenie povinnosti umo\u017eni\u0165 dotknutej osobe pr\u00edstup ku v\u0161etk\u00fdm inform\u00e1ci\u00e1m uveden\u00fdm v\u00a0\u010dl\u00e1nku\u00a015 ods.\u00a01 GDPR. Dotknut\u00e1 osoba\u00a0 m\u00e1 pr\u00e1vo na\u00a0spravodliv\u00e9 a\u00a0transparentn\u00e9 sprac\u00favanie, a\u00a0uplatnenie tohto pr\u00e1va jej umo\u017en\u00ed overi\u0165 si z\u00e1konnos\u0165 sprac\u00favania prev\u00e1dzkovate\u013eom (body 62 a\u00a069).<\/p>\n<p>In\u00e9 je to v\u0161ak s\u00a0toto\u017enos\u0165ou fyzick\u00fdch os\u00f4b, ktor\u00e9 tieto oper\u00e1cie vykonali.<\/p>\n<p>Hoci m\u00e1 dotknut\u00e1 osoba pr\u00e1vo z\u00edska\u0165 inform\u00e1cie o\u00a0konkr\u00e9tnych pr\u00edjemcoch, ktor\u00fdm boli alebo bud\u00fa poskytnut\u00e9 osobn\u00e9 \u00fadaje, ktor\u00e9 sa jej t\u00fdkaj\u00fa (bod 48), <strong>zamestnancov prev\u00e1dzkovate\u013ea<\/strong>, vykon\u00e1vaj\u00facich spracovate\u013esk\u00e9 oper\u00e1cie pod\u013ea jeho pokynov a\u00a0pod jeho veden\u00edm, <strong>nemo\u017eno pova\u017eova\u0165 za \u201epr\u00edjemcov\u201c<\/strong> v\u00a0zmysle \u010dl\u00e1nku\u00a015 ods.\u00a01 p\u00edsm.\u00a0c) nariadenia GDPR (bod 73). S\u00fad tie\u017e zd\u00f4raznil, \u017ee pr\u00e1vo na pr\u00edstup by sa v\u00a0s\u00falade s\u00a0recit\u00e1lom 63 nemalo nepriaznivo dotkn\u00fa\u0165 pr\u00e1v alebo slob\u00f4d in\u00fdch os\u00f4b.<\/p>\n<p>Pr\u00e1vo na ochranu osobn\u00fdch \u00fadajov nie je absol\u00fatnym pr\u00e1vom a\u00a0mus\u00ed sa posudzova\u0165 vo vz\u0165ahu k\u00a0jeho funkcii v\u00a0spolo\u010dnosti a\u00a0mus\u00ed by\u0165 vyv\u00e1\u017een\u00e9 s\u00a0ostatn\u00fdmi z\u00e1kladn\u00fdmi pr\u00e1vami.\u00a0Aj za predpokladu, \u017ee by poskytnutie inform\u00e1ci\u00ed t\u00fdkaj\u00facich sa toto\u017enosti zamestnancov prev\u00e1dzkovate\u013ea dotknutej osobe bolo pre t\u00fato osobu potrebn\u00e9 na \u00fa\u010dely uistenia sa o\u00a0z\u00e1konnosti sprac\u00favania jej osobn\u00fdch \u00fadajov, mohlo by st\u00e1le \u00eds\u0165 o\u00a0z\u00e1sah do pr\u00e1v a\u00a0slob\u00f4d t\u00fdchto zamestnancov.<\/p>\n<p>Za t\u00fdchto podmienok v\u00a0pr\u00edpade konfliktu medzi v\u00fdkonom pr\u00e1va na pr\u00edstup na jednej strane a\u00a0pr\u00e1vami alebo slobodami in\u00fdch na druhej strane, <strong>je potrebn\u00e9 \u00a0dotknut\u00e9 pr\u00e1va a\u00a0slobody vyv\u00e1\u017ei\u0165<\/strong>. Pokia\u013e je to mo\u017en\u00e9, mali by sa zvoli\u0165 tak\u00e9 podmienky, ktor\u00e9 nezasahuj\u00fa do pr\u00e1v alebo slob\u00f4d in\u00fdch, pri\u010dom treba zoh\u013eadni\u0165 skuto\u010dnos\u0165, \u017ee v\u00fdsledkom zoh\u013eadnenia tak\u00fdch \u00favah by nemalo by\u0165 odmietnutie poskytnutia inform\u00e1ci\u00ed dotknutej osobe (body 78-80).<\/p>\n<p><strong>V\u00fdnimkou z\u00a0uveden\u00e9ho s\u00fa situ\u00e1cie, ke\u010f s\u00fa tieto inform\u00e1cie nevyhnutn\u00e9 na to, aby sa dotknutej osobe umo\u017enilo \u00fa\u010dinne uplatni\u0165 pr\u00e1va, ktor\u00e9 jej prizn\u00e1va GDPR, a\u00a0pod podmienkou, \u017ee sa zoh\u013eadnia pr\u00e1va a\u00a0slobody t\u00fdchto zamestnancov (bod 83). <\/strong><\/p>\n","protected":false},"excerpt":{"rendered":"<p>&nbsp; S\u00fadny dvor d\u0148a 22.6.2023 rozhodol vo veci \u201eC-579\/21 | Pankki S\u201c, kde posudzoval hranice pr\u00e1va dotknutej osoby na pr\u00edstup k\u00a0jej osobn\u00fdm \u00fadajom pod\u013ea \u010dl\u00e1nku 15 GDPR. Zamestnanec a s\u00fa\u010dasne klient istej f\u00ednskej banky sa dozvedel, \u017ee in\u00ed zamestnanci tejto banky sa v obdob\u00ed od 1. novembra 2013 do 31. decembra 2013 nieko\u013ekokr\u00e1t obozn\u00e1mili s&#8230;<\/p>\n","protected":false},"author":3,"featured_media":1266,"comment_status":"closed","ping_status":"closed","sticky":false,"template":"","format":"standard","meta":{"inline_featured_image":false,"footnotes":""},"categories":[1],"tags":[],"class_list":["post-1295","post","type-post","status-publish","format-standard","has-post-thumbnail","hentry","category-uncategorized-sk"],"yoast_head":"<title>Pr\u00e1vo na pr\u00edstup k osobn\u00fdm \u00fadajom pod\u013ea \u010dl. 15 GDPR a ochrana tret\u00edch os\u00f4b - BOOM &amp; SMART<\/title>\n<meta name=\"robots\" content=\"index, follow, max-snippet:-1, max-image-preview:large, max-video-preview:-1\" \/>\n<link rel=\"canonical\" href=\"https:\/\/boomandsmart.com\/pravo-na-pristup-k-osobnym-udajom-podla-cl-15-gdpr-a-ochrana-tretich-osob\/\" \/>\n<meta property=\"og:locale\" content=\"sk_SK\" \/>\n<meta property=\"og:type\" content=\"article\" \/>\n<meta property=\"og:title\" content=\"Pr\u00e1vo na pr\u00edstup k osobn\u00fdm \u00fadajom pod\u013ea \u010dl. 15 GDPR a ochrana tret\u00edch os\u00f4b - BOOM &amp; SMART\" \/>\n<meta property=\"og:description\" content=\"&nbsp; S\u00fadny dvor d\u0148a 22.6.2023 rozhodol vo veci \u201eC-579\/21 | Pankki S\u201c, kde posudzoval hranice pr\u00e1va dotknutej osoby na pr\u00edstup k\u00a0jej osobn\u00fdm \u00fadajom pod\u013ea \u010dl\u00e1nku 15 GDPR. Zamestnanec a s\u00fa\u010dasne klient istej f\u00ednskej banky sa dozvedel, \u017ee in\u00ed zamestnanci tejto banky sa v obdob\u00ed od 1. novembra 2013 do 31. decembra 2013 nieko\u013ekokr\u00e1t obozn\u00e1mili s...\" \/>\n<meta property=\"og:url\" content=\"https:\/\/boomandsmart.com\/pravo-na-pristup-k-osobnym-udajom-podla-cl-15-gdpr-a-ochrana-tretich-osob\/\" \/>\n<meta property=\"og:site_name\" content=\"BOOM &amp; SMART\" \/>\n<meta property=\"article:published_time\" content=\"2023-06-27T06:29:53+00:00\" \/>\n<meta property=\"og:image\" content=\"https:\/\/boomandsmart.com\/wp-content\/uploads\/2023\/05\/gdpr-g6e7ccc8b6_1920.jpg\" \/>\n\t<meta property=\"og:image:width\" content=\"1920\" \/>\n\t<meta property=\"og:image:height\" content=\"1280\" \/>\n\t<meta property=\"og:image:type\" content=\"image\/jpeg\" \/>\n<meta name=\"author\" content=\"boomandsmart\" \/>\n<meta name=\"twitter:card\" content=\"summary_large_image\" \/>\n<meta name=\"twitter:label1\" content=\"Autor\" \/>\n\t<meta name=\"twitter:data1\" content=\"boomandsmart\" \/>\n\t<meta name=\"twitter:label2\" content=\"Predpokladan\u00fd \u010das \u010d\u00edtania\" \/>\n\t<meta name=\"twitter:data2\" content=\"3 min\u00faty\" \/>\n<script type=\"application\/ld+json\" class=\"yoast-schema-graph\">{\"@context\":\"https:\/\/schema.org\",\"@graph\":[{\"@type\":\"Article\",\"@id\":\"https:\/\/boomandsmart.com\/pravo-na-pristup-k-osobnym-udajom-podla-cl-15-gdpr-a-ochrana-tretich-osob\/#article\",\"isPartOf\":{\"@id\":\"https:\/\/boomandsmart.com\/pravo-na-pristup-k-osobnym-udajom-podla-cl-15-gdpr-a-ochrana-tretich-osob\/\"},\"author\":{\"name\":\"boomandsmart\",\"@id\":\"https:\/\/boomandsmart.com\/#\/schema\/person\/45472ee9b9a6b06bc4a90e2e95bc7e34\"},\"headline\":\"Pr\u00e1vo na pr\u00edstup k osobn\u00fdm \u00fadajom pod\u013ea \u010dl. 15 GDPR a ochrana tret\u00edch os\u00f4b\",\"datePublished\":\"2023-06-27T06:29:53+00:00\",\"mainEntityOfPage\":{\"@id\":\"https:\/\/boomandsmart.com\/pravo-na-pristup-k-osobnym-udajom-podla-cl-15-gdpr-a-ochrana-tretich-osob\/\"},\"wordCount\":928,\"image\":{\"@id\":\"https:\/\/boomandsmart.com\/pravo-na-pristup-k-osobnym-udajom-podla-cl-15-gdpr-a-ochrana-tretich-osob\/#primaryimage\"},\"thumbnailUrl\":\"https:\/\/boomandsmart.com\/wp-content\/uploads\/2023\/05\/gdpr-g6e7ccc8b6_1920.jpg\",\"articleSection\":[\"Uncategorized @sk\"],\"inLanguage\":\"sk-SK\"},{\"@type\":\"WebPage\",\"@id\":\"https:\/\/boomandsmart.com\/pravo-na-pristup-k-osobnym-udajom-podla-cl-15-gdpr-a-ochrana-tretich-osob\/\",\"url\":\"https:\/\/boomandsmart.com\/pravo-na-pristup-k-osobnym-udajom-podla-cl-15-gdpr-a-ochrana-tretich-osob\/\",\"name\":\"Pr\u00e1vo na pr\u00edstup k osobn\u00fdm \u00fadajom pod\u013ea \u010dl. 15 GDPR a ochrana tret\u00edch os\u00f4b - BOOM &amp; SMART\",\"isPartOf\":{\"@id\":\"https:\/\/boomandsmart.com\/#website\"},\"primaryImageOfPage\":{\"@id\":\"https:\/\/boomandsmart.com\/pravo-na-pristup-k-osobnym-udajom-podla-cl-15-gdpr-a-ochrana-tretich-osob\/#primaryimage\"},\"image\":{\"@id\":\"https:\/\/boomandsmart.com\/pravo-na-pristup-k-osobnym-udajom-podla-cl-15-gdpr-a-ochrana-tretich-osob\/#primaryimage\"},\"thumbnailUrl\":\"https:\/\/boomandsmart.com\/wp-content\/uploads\/2023\/05\/gdpr-g6e7ccc8b6_1920.jpg\",\"datePublished\":\"2023-06-27T06:29:53+00:00\",\"author\":{\"@id\":\"https:\/\/boomandsmart.com\/#\/schema\/person\/45472ee9b9a6b06bc4a90e2e95bc7e34\"},\"breadcrumb\":{\"@id\":\"https:\/\/boomandsmart.com\/pravo-na-pristup-k-osobnym-udajom-podla-cl-15-gdpr-a-ochrana-tretich-osob\/#breadcrumb\"},\"inLanguage\":\"sk-SK\",\"potentialAction\":[{\"@type\":\"ReadAction\",\"target\":[\"https:\/\/boomandsmart.com\/pravo-na-pristup-k-osobnym-udajom-podla-cl-15-gdpr-a-ochrana-tretich-osob\/\"]}]},{\"@type\":\"ImageObject\",\"inLanguage\":\"sk-SK\",\"@id\":\"https:\/\/boomandsmart.com\/pravo-na-pristup-k-osobnym-udajom-podla-cl-15-gdpr-a-ochrana-tretich-osob\/#primaryimage\",\"url\":\"https:\/\/boomandsmart.com\/wp-content\/uploads\/2023\/05\/gdpr-g6e7ccc8b6_1920.jpg\",\"contentUrl\":\"https:\/\/boomandsmart.com\/wp-content\/uploads\/2023\/05\/gdpr-g6e7ccc8b6_1920.jpg\",\"width\":1920,\"height\":1280},{\"@type\":\"BreadcrumbList\",\"@id\":\"https:\/\/boomandsmart.com\/pravo-na-pristup-k-osobnym-udajom-podla-cl-15-gdpr-a-ochrana-tretich-osob\/#breadcrumb\",\"itemListElement\":[{\"@type\":\"ListItem\",\"position\":1,\"name\":\"Home\",\"item\":\"https:\/\/boomandsmart.com\/sk\/\"},{\"@type\":\"ListItem\",\"position\":2,\"name\":\"Pr\u00e1vo na pr\u00edstup k osobn\u00fdm \u00fadajom pod\u013ea \u010dl. 15 GDPR a ochrana tret\u00edch os\u00f4b\"}]},{\"@type\":\"WebSite\",\"@id\":\"https:\/\/boomandsmart.com\/#website\",\"url\":\"https:\/\/boomandsmart.com\/\",\"name\":\"BOOM &amp; SMART\",\"description\":\"\",\"potentialAction\":[{\"@type\":\"SearchAction\",\"target\":{\"@type\":\"EntryPoint\",\"urlTemplate\":\"https:\/\/boomandsmart.com\/?s={search_term_string}\"},\"query-input\":{\"@type\":\"PropertyValueSpecification\",\"valueRequired\":true,\"valueName\":\"search_term_string\"}}],\"inLanguage\":\"sk-SK\"},{\"@type\":\"Person\",\"@id\":\"https:\/\/boomandsmart.com\/#\/schema\/person\/45472ee9b9a6b06bc4a90e2e95bc7e34\",\"name\":\"boomandsmart\",\"url\":\"https:\/\/boomandsmart.com\/sk\/author\/boomandsmart\/\"}]}<\/script>","yoast_head_json":{"title":"Pr\u00e1vo na pr\u00edstup k osobn\u00fdm \u00fadajom pod\u013ea \u010dl. 15 GDPR a ochrana tret\u00edch os\u00f4b - BOOM &amp; SMART","robots":{"index":"index","follow":"follow","max-snippet":"max-snippet:-1","max-image-preview":"max-image-preview:large","max-video-preview":"max-video-preview:-1"},"canonical":"https:\/\/boomandsmart.com\/pravo-na-pristup-k-osobnym-udajom-podla-cl-15-gdpr-a-ochrana-tretich-osob\/","og_locale":"sk_SK","og_type":"article","og_title":"Pr\u00e1vo na pr\u00edstup k osobn\u00fdm \u00fadajom pod\u013ea \u010dl. 15 GDPR a ochrana tret\u00edch os\u00f4b - BOOM &amp; SMART","og_description":"&nbsp; S\u00fadny dvor d\u0148a 22.6.2023 rozhodol vo veci \u201eC-579\/21 | Pankki S\u201c, kde posudzoval hranice pr\u00e1va dotknutej osoby na pr\u00edstup k\u00a0jej osobn\u00fdm \u00fadajom pod\u013ea \u010dl\u00e1nku 15 GDPR. Zamestnanec a s\u00fa\u010dasne klient istej f\u00ednskej banky sa dozvedel, \u017ee in\u00ed zamestnanci tejto banky sa v obdob\u00ed od 1. novembra 2013 do 31. decembra 2013 nieko\u013ekokr\u00e1t obozn\u00e1mili s...","og_url":"https:\/\/boomandsmart.com\/pravo-na-pristup-k-osobnym-udajom-podla-cl-15-gdpr-a-ochrana-tretich-osob\/","og_site_name":"BOOM &amp; SMART","article_published_time":"2023-06-27T06:29:53+00:00","og_image":[{"width":1920,"height":1280,"url":"https:\/\/boomandsmart.com\/wp-content\/uploads\/2023\/05\/gdpr-g6e7ccc8b6_1920.jpg","type":"image\/jpeg"}],"author":"boomandsmart","twitter_card":"summary_large_image","twitter_misc":{"Autor":"boomandsmart","Predpokladan\u00fd \u010das \u010d\u00edtania":"3 min\u00faty"},"schema":{"@context":"https:\/\/schema.org","@graph":[{"@type":"Article","@id":"https:\/\/boomandsmart.com\/pravo-na-pristup-k-osobnym-udajom-podla-cl-15-gdpr-a-ochrana-tretich-osob\/#article","isPartOf":{"@id":"https:\/\/boomandsmart.com\/pravo-na-pristup-k-osobnym-udajom-podla-cl-15-gdpr-a-ochrana-tretich-osob\/"},"author":{"name":"boomandsmart","@id":"https:\/\/boomandsmart.com\/#\/schema\/person\/45472ee9b9a6b06bc4a90e2e95bc7e34"},"headline":"Pr\u00e1vo na pr\u00edstup k osobn\u00fdm \u00fadajom pod\u013ea \u010dl. 15 GDPR a ochrana tret\u00edch os\u00f4b","datePublished":"2023-06-27T06:29:53+00:00","mainEntityOfPage":{"@id":"https:\/\/boomandsmart.com\/pravo-na-pristup-k-osobnym-udajom-podla-cl-15-gdpr-a-ochrana-tretich-osob\/"},"wordCount":928,"image":{"@id":"https:\/\/boomandsmart.com\/pravo-na-pristup-k-osobnym-udajom-podla-cl-15-gdpr-a-ochrana-tretich-osob\/#primaryimage"},"thumbnailUrl":"https:\/\/boomandsmart.com\/wp-content\/uploads\/2023\/05\/gdpr-g6e7ccc8b6_1920.jpg","articleSection":["Uncategorized @sk"],"inLanguage":"sk-SK"},{"@type":"WebPage","@id":"https:\/\/boomandsmart.com\/pravo-na-pristup-k-osobnym-udajom-podla-cl-15-gdpr-a-ochrana-tretich-osob\/","url":"https:\/\/boomandsmart.com\/pravo-na-pristup-k-osobnym-udajom-podla-cl-15-gdpr-a-ochrana-tretich-osob\/","name":"Pr\u00e1vo na pr\u00edstup k osobn\u00fdm \u00fadajom pod\u013ea \u010dl. 15 GDPR a ochrana tret\u00edch os\u00f4b - BOOM &amp; SMART","isPartOf":{"@id":"https:\/\/boomandsmart.com\/#website"},"primaryImageOfPage":{"@id":"https:\/\/boomandsmart.com\/pravo-na-pristup-k-osobnym-udajom-podla-cl-15-gdpr-a-ochrana-tretich-osob\/#primaryimage"},"image":{"@id":"https:\/\/boomandsmart.com\/pravo-na-pristup-k-osobnym-udajom-podla-cl-15-gdpr-a-ochrana-tretich-osob\/#primaryimage"},"thumbnailUrl":"https:\/\/boomandsmart.com\/wp-content\/uploads\/2023\/05\/gdpr-g6e7ccc8b6_1920.jpg","datePublished":"2023-06-27T06:29:53+00:00","author":{"@id":"https:\/\/boomandsmart.com\/#\/schema\/person\/45472ee9b9a6b06bc4a90e2e95bc7e34"},"breadcrumb":{"@id":"https:\/\/boomandsmart.com\/pravo-na-pristup-k-osobnym-udajom-podla-cl-15-gdpr-a-ochrana-tretich-osob\/#breadcrumb"},"inLanguage":"sk-SK","potentialAction":[{"@type":"ReadAction","target":["https:\/\/boomandsmart.com\/pravo-na-pristup-k-osobnym-udajom-podla-cl-15-gdpr-a-ochrana-tretich-osob\/"]}]},{"@type":"ImageObject","inLanguage":"sk-SK","@id":"https:\/\/boomandsmart.com\/pravo-na-pristup-k-osobnym-udajom-podla-cl-15-gdpr-a-ochrana-tretich-osob\/#primaryimage","url":"https:\/\/boomandsmart.com\/wp-content\/uploads\/2023\/05\/gdpr-g6e7ccc8b6_1920.jpg","contentUrl":"https:\/\/boomandsmart.com\/wp-content\/uploads\/2023\/05\/gdpr-g6e7ccc8b6_1920.jpg","width":1920,"height":1280},{"@type":"BreadcrumbList","@id":"https:\/\/boomandsmart.com\/pravo-na-pristup-k-osobnym-udajom-podla-cl-15-gdpr-a-ochrana-tretich-osob\/#breadcrumb","itemListElement":[{"@type":"ListItem","position":1,"name":"Home","item":"https:\/\/boomandsmart.com\/sk\/"},{"@type":"ListItem","position":2,"name":"Pr\u00e1vo na pr\u00edstup k osobn\u00fdm \u00fadajom pod\u013ea \u010dl. 15 GDPR a ochrana tret\u00edch os\u00f4b"}]},{"@type":"WebSite","@id":"https:\/\/boomandsmart.com\/#website","url":"https:\/\/boomandsmart.com\/","name":"BOOM &amp; SMART","description":"","potentialAction":[{"@type":"SearchAction","target":{"@type":"EntryPoint","urlTemplate":"https:\/\/boomandsmart.com\/?s={search_term_string}"},"query-input":{"@type":"PropertyValueSpecification","valueRequired":true,"valueName":"search_term_string"}}],"inLanguage":"sk-SK"},{"@type":"Person","@id":"https:\/\/boomandsmart.com\/#\/schema\/person\/45472ee9b9a6b06bc4a90e2e95bc7e34","name":"boomandsmart","url":"https:\/\/boomandsmart.com\/sk\/author\/boomandsmart\/"}]}},"_links":{"self":[{"href":"https:\/\/boomandsmart.com\/sk\/wp-json\/wp\/v2\/posts\/1295","targetHints":{"allow":["GET"]}}],"collection":[{"href":"https:\/\/boomandsmart.com\/sk\/wp-json\/wp\/v2\/posts"}],"about":[{"href":"https:\/\/boomandsmart.com\/sk\/wp-json\/wp\/v2\/types\/post"}],"author":[{"embeddable":true,"href":"https:\/\/boomandsmart.com\/sk\/wp-json\/wp\/v2\/users\/3"}],"replies":[{"embeddable":true,"href":"https:\/\/boomandsmart.com\/sk\/wp-json\/wp\/v2\/comments?post=1295"}],"version-history":[{"count":0,"href":"https:\/\/boomandsmart.com\/sk\/wp-json\/wp\/v2\/posts\/1295\/revisions"}],"wp:featuredmedia":[{"embeddable":true,"href":"https:\/\/boomandsmart.com\/sk\/wp-json\/wp\/v2\/media\/1266"}],"wp:attachment":[{"href":"https:\/\/boomandsmart.com\/sk\/wp-json\/wp\/v2\/media?parent=1295"}],"wp:term":[{"taxonomy":"category","embeddable":true,"href":"https:\/\/boomandsmart.com\/sk\/wp-json\/wp\/v2\/categories?post=1295"},{"taxonomy":"post_tag","embeddable":true,"href":"https:\/\/boomandsmart.com\/sk\/wp-json\/wp\/v2\/tags?post=1295"}],"curies":[{"name":"wp","href":"https:\/\/api.w.org\/{rel}","templated":true}]}}