{"id":1316,"date":"2023-02-24T09:11:38","date_gmt":"2023-02-24T08:11:38","guid":{"rendered":"https:\/\/boomandsmart.com\/poplatok-za-zapis-drzitela-vozidla-sa-od-1-aprila-zmeni\/"},"modified":"2023-02-24T09:11:38","modified_gmt":"2023-02-24T08:11:38","slug":"poplatok-za-zapis-drzitela-vozidla-sa-od-1-aprila-zmeni","status":"publish","type":"post","link":"https:\/\/boomandsmart.com\/sk\/poplatok-za-zapis-drzitela-vozidla-sa-od-1-aprila-zmeni\/","title":{"rendered":"Poplatok za z\u00e1pis dr\u017eite\u013ea vozidla sa od 1. apr\u00edla zmen\u00ed"},"content":{"rendered":"<p>&nbsp;<\/p>\n<p>D\u0148a 17. febru\u00e1ra 2023 schv\u00e1lila N\u00e1rodn\u00e1 rada SR z\u00e1kon o dani z osobitnej stavby a o zmene a doplnen\u00ed niektor\u00fdch z\u00e1konov. Ako s\u00fa\u010das\u0165 bal\u00edka prijat\u00fdch zmien bola z\u00e1rove\u0148 schv\u00e1len\u00e1 novela z\u00e1kona \u010d. 145\/1995 Z. z. o spr\u00e1vnych poplatkoch, ktor\u00e1 s \u00fa\u010dinnos\u0165ou od 1. apr\u00edla 2023 men\u00ed sp\u00f4sob v\u00fdpo\u010dtu registra\u010dn\u00e9ho poplatku za z\u00e1pis dr\u017eite\u013ea motorov\u00e9ho vozidla.<\/p>\n<p>Aktu\u00e1lne plat\u00ed, \u017ee poplatok za z\u00e1pis dr\u017eite\u013ea vozidla do evidencie vozidiel sa ur\u010d\u00ed pod\u013ea vzorca <strong>RP = Pkw x RV1-n<\/strong>, pri\u010dom:<\/p>\n<ul>\n<li>RP je v\u00fd\u0161ka registra\u010dn\u00e9ho poplatku,<\/li>\n<li>Pkw je sadzba poplatku za z\u00e1pis vozidla pod\u013ea v\u00fdkonu motora,<\/li>\n<li>RV1-n je koeficient zostatkovej hodnoty vozidla pod\u013ea veku vozidla.<\/li>\n<\/ul>\n<p>Cenu poplatku za z\u00e1pis vozidla tak ovplyv\u0148uje jeho v\u00fdkon (v kW) a\u00a0koeficient zostatkovej hodnoty ur\u010den\u00fd pod\u013ea veku vozidla. Uveden\u00fd vzorec v\u00fdpo\u010dtu spr\u00e1vneho poplatku sa t\u00fdka z\u00e1pisu vozidiel kateg\u00f3rie L, N1 a M1, teda aj osobn\u00fdch vozidiel s\u00a0najviac 8 sedadlami + vodi\u010d.<\/p>\n<p>Od 1. apr\u00edla 2023 bude vo vzorci v\u00fdpo\u010dtu poplatku koeficient zostatkovej hodnoty vozidla nahraden\u00fd nov\u00fdm koeficientom <strong>EKV \u2013 ekologick\u00fd koeficient vozidla<\/strong>, ktor\u00fd zoh\u013ead\u0148uje d\u00e1tum prvej registr\u00e1cie vozidla alebo emisn\u00fa normu Euro (krit\u00e9ri\u00e1 prvej registr\u00e1cie sa zoh\u013eadnia len v\u00a0tom pr\u00edpade, ke\u010f vozidlo nem\u00e1 pridelen\u00fa emisn\u00fa normu Euro).<\/p>\n<p>Nov\u00fd vzorec tak bude nasledovn\u00fd: <strong>RP = Pkw x EKV<\/strong>. Navy\u0161e, vozidl\u00e1 a pr\u00edslu\u0161n\u00e9 ekologick\u00e9 koeficienty\u00a0sa bud\u00fa od apr\u00edla rozde\u013eova\u0165 pod\u013ea toho, ak\u00fd druh paliva spa\u013euj\u00fa, resp. ak\u00fd pohon vyu\u017e\u00edvaj\u00fa.<\/p>\n<p><strong>Nafta, nafta + HEV (plnohodnotn\u00fd hybrid)<\/strong><\/p>\n<p>Najvy\u0161\u0161\u00ed EKV maj\u00fa vozidl\u00e1 s emisnou normou\u00a0<strong>Euro 1<\/strong>\u00a0alebo d\u00e1tumom prvej registr\u00e1cie od 1.1.1983 do 31.12.1996, a to\u00a0<strong>1,00<\/strong>. EKV n\u00e1sledne kles\u00e1 a\u017e po koeficient <strong>0,30, ktor\u00fd sa t\u00fdka vozidiel <\/strong>s normou\u00a0<strong>Euro 6d-Temp a 6d<\/strong>\u00a0alebo s d\u00e1tumom prvej registr\u00e1cie od 1.9.2019.<\/p>\n<p>Napr\u00edklad poplatok za registr\u00e1ciu pri vozidle s\u00a0v\u00fdkonom 120 kW a\u00a0emisnou normou Euro 5 by sa vypo\u010d\u00edtal s\u00fa\u010dinom sumy 360,- EUR x EKV 0,6 = 216,- EUR.<\/p>\n<p><strong>Benz\u00edn, benz\u00edn + HEV, benz\u00edn + LPG<\/strong>,\u00a0<strong>CNG alebo LPG alebo LNG\u00a0v kombin\u00e1cii s in\u00fdm palivom<\/strong><\/p>\n<p>Aj v\u00a0tomto pr\u00edpade plat\u00ed, \u017ee najvy\u0161\u0161\u00ed EKV maj\u00fa vozidl\u00e1 s normou Euro 1 alebo s d\u00e1tumom prvej registr\u00e1cie od 1.7.1992 do 31.12.1995. Najni\u017e\u0161\u00ed EKV je pri norme Euro 6d-Temp a 6d alebo s d\u00e1tumom prvej registr\u00e1cie od 1.9.2017.<\/p>\n<p><strong>Elektrina, kombin\u00e1cia palivo + PHEV, vod\u00edk <\/strong><\/p>\n<p>Pre t\u00fato skupinu vozidiel s\u00a0uveden\u00fdm pohonom plat\u00ed v\u017edy EKV <strong>0,20<\/strong>. Napr\u00edklad pri v\u00fdkone 120 kW je sadzba poplatku 360,- EUR, ktor\u00e1 po vyn\u00e1soben\u00ed koeficientom 0,20 predstavuje sumu 72,- EUR. Ako je z\u00a0uveden\u00e9ho zrejm\u00e9, <strong>zmena v\u00fdpo\u010dtu poplatku za z\u00e1pis vozidla sa cite\u013ene dotkne majite\u013eov \u201e\u010dist\u00fdch\u201c elektromobilov<\/strong>, ktor\u00ed do 31. marca 2022 zaplatia sa registr\u00e1ciu elektromobilu poplatok 33,- EUR bez zoh\u013eadnenia v\u00fdkonu. Po uvedenom d\u00e1tume v\u0161ak napr\u00edklad za registr\u00e1ciu automobilu s\u00a0v\u00fdkonom 165 kW zaplatia poplatok 220,- EUR (1100 EUR x koeficient 0,2).<\/p>\n<p>Pre v\u0161etky skupiny pohonu plat\u00ed, \u017ee poplatok za z\u00e1pis vozidla nem\u00f4\u017ee by\u0165 nikdy ni\u017e\u0161\u00ed, ako 33,- EUR.<\/p>\n","protected":false},"excerpt":{"rendered":"<p>&nbsp; D\u0148a 17. febru\u00e1ra 2023 schv\u00e1lila N\u00e1rodn\u00e1 rada SR z\u00e1kon o dani z osobitnej stavby a o zmene a doplnen\u00ed niektor\u00fdch z\u00e1konov. Ako s\u00fa\u010das\u0165 bal\u00edka prijat\u00fdch zmien bola z\u00e1rove\u0148 schv\u00e1len\u00e1 novela z\u00e1kona \u010d. 145\/1995 Z. z. o spr\u00e1vnych poplatkoch, ktor\u00e1 s \u00fa\u010dinnos\u0165ou od 1. apr\u00edla 2023 men\u00ed sp\u00f4sob v\u00fdpo\u010dtu registra\u010dn\u00e9ho poplatku za z\u00e1pis dr\u017eite\u013ea motorov\u00e9ho&#8230;<\/p>\n","protected":false},"author":3,"featured_media":1317,"comment_status":"closed","ping_status":"closed","sticky":false,"template":"","format":"standard","meta":{"inline_featured_image":false,"footnotes":""},"categories":[1],"tags":[],"class_list":["post-1316","post","type-post","status-publish","format-standard","has-post-thumbnail","hentry","category-uncategorized-sk"],"yoast_head":"<title>Poplatok za z\u00e1pis dr\u017eite\u013ea vozidla sa od 1. apr\u00edla zmen\u00ed - BOOM &amp; SMART<\/title>\n<meta name=\"robots\" content=\"index, follow, max-snippet:-1, max-image-preview:large, max-video-preview:-1\" \/>\n<link rel=\"canonical\" href=\"https:\/\/boomandsmart.com\/poplatok-za-zapis-drzitela-vozidla-sa-od-1-aprila-zmeni\/\" \/>\n<meta property=\"og:locale\" content=\"sk_SK\" \/>\n<meta property=\"og:type\" content=\"article\" \/>\n<meta property=\"og:title\" content=\"Poplatok za z\u00e1pis dr\u017eite\u013ea vozidla sa od 1. apr\u00edla zmen\u00ed - BOOM &amp; SMART\" \/>\n<meta property=\"og:description\" content=\"&nbsp; D\u0148a 17. febru\u00e1ra 2023 schv\u00e1lila N\u00e1rodn\u00e1 rada SR z\u00e1kon o dani z osobitnej stavby a o zmene a doplnen\u00ed niektor\u00fdch z\u00e1konov. Ako s\u00fa\u010das\u0165 bal\u00edka prijat\u00fdch zmien bola z\u00e1rove\u0148 schv\u00e1len\u00e1 novela z\u00e1kona \u010d. 145\/1995 Z. z. o spr\u00e1vnych poplatkoch, ktor\u00e1 s \u00fa\u010dinnos\u0165ou od 1. apr\u00edla 2023 men\u00ed sp\u00f4sob v\u00fdpo\u010dtu registra\u010dn\u00e9ho poplatku za z\u00e1pis dr\u017eite\u013ea motorov\u00e9ho...\" \/>\n<meta property=\"og:url\" content=\"https:\/\/boomandsmart.com\/poplatok-za-zapis-drzitela-vozidla-sa-od-1-aprila-zmeni\/\" \/>\n<meta property=\"og:site_name\" content=\"BOOM &amp; SMART\" \/>\n<meta property=\"article:published_time\" content=\"2023-02-24T08:11:38+00:00\" \/>\n<meta property=\"og:image\" content=\"https:\/\/boomandsmart.com\/wp-content\/uploads\/2023\/02\/speedometer-g739fb4d3e_1920.jpg\" \/>\n\t<meta property=\"og:image:width\" content=\"1920\" \/>\n\t<meta property=\"og:image:height\" content=\"1276\" \/>\n\t<meta property=\"og:image:type\" content=\"image\/jpeg\" \/>\n<meta name=\"author\" content=\"boomandsmart\" \/>\n<meta name=\"twitter:card\" content=\"summary_large_image\" \/>\n<meta name=\"twitter:label1\" content=\"Autor\" \/>\n\t<meta name=\"twitter:data1\" content=\"boomandsmart\" \/>\n\t<meta name=\"twitter:label2\" content=\"Predpokladan\u00fd \u010das \u010d\u00edtania\" \/>\n\t<meta name=\"twitter:data2\" content=\"2 min\u00faty\" \/>\n<script type=\"application\/ld+json\" class=\"yoast-schema-graph\">{\"@context\":\"https:\/\/schema.org\",\"@graph\":[{\"@type\":\"Article\",\"@id\":\"https:\/\/boomandsmart.com\/poplatok-za-zapis-drzitela-vozidla-sa-od-1-aprila-zmeni\/#article\",\"isPartOf\":{\"@id\":\"https:\/\/boomandsmart.com\/poplatok-za-zapis-drzitela-vozidla-sa-od-1-aprila-zmeni\/\"},\"author\":{\"name\":\"boomandsmart\",\"@id\":\"https:\/\/boomandsmart.com\/#\/schema\/person\/45472ee9b9a6b06bc4a90e2e95bc7e34\"},\"headline\":\"Poplatok za z\u00e1pis dr\u017eite\u013ea vozidla sa od 1. apr\u00edla zmen\u00ed\",\"datePublished\":\"2023-02-24T08:11:38+00:00\",\"mainEntityOfPage\":{\"@id\":\"https:\/\/boomandsmart.com\/poplatok-za-zapis-drzitela-vozidla-sa-od-1-aprila-zmeni\/\"},\"wordCount\":555,\"image\":{\"@id\":\"https:\/\/boomandsmart.com\/poplatok-za-zapis-drzitela-vozidla-sa-od-1-aprila-zmeni\/#primaryimage\"},\"thumbnailUrl\":\"https:\/\/boomandsmart.com\/wp-content\/uploads\/2023\/02\/speedometer-g739fb4d3e_1920.jpg\",\"articleSection\":[\"Uncategorized @sk\"],\"inLanguage\":\"sk-SK\"},{\"@type\":\"WebPage\",\"@id\":\"https:\/\/boomandsmart.com\/poplatok-za-zapis-drzitela-vozidla-sa-od-1-aprila-zmeni\/\",\"url\":\"https:\/\/boomandsmart.com\/poplatok-za-zapis-drzitela-vozidla-sa-od-1-aprila-zmeni\/\",\"name\":\"Poplatok za z\u00e1pis dr\u017eite\u013ea vozidla sa od 1. apr\u00edla zmen\u00ed - BOOM &amp; SMART\",\"isPartOf\":{\"@id\":\"https:\/\/boomandsmart.com\/#website\"},\"primaryImageOfPage\":{\"@id\":\"https:\/\/boomandsmart.com\/poplatok-za-zapis-drzitela-vozidla-sa-od-1-aprila-zmeni\/#primaryimage\"},\"image\":{\"@id\":\"https:\/\/boomandsmart.com\/poplatok-za-zapis-drzitela-vozidla-sa-od-1-aprila-zmeni\/#primaryimage\"},\"thumbnailUrl\":\"https:\/\/boomandsmart.com\/wp-content\/uploads\/2023\/02\/speedometer-g739fb4d3e_1920.jpg\",\"datePublished\":\"2023-02-24T08:11:38+00:00\",\"author\":{\"@id\":\"https:\/\/boomandsmart.com\/#\/schema\/person\/45472ee9b9a6b06bc4a90e2e95bc7e34\"},\"breadcrumb\":{\"@id\":\"https:\/\/boomandsmart.com\/poplatok-za-zapis-drzitela-vozidla-sa-od-1-aprila-zmeni\/#breadcrumb\"},\"inLanguage\":\"sk-SK\",\"potentialAction\":[{\"@type\":\"ReadAction\",\"target\":[\"https:\/\/boomandsmart.com\/poplatok-za-zapis-drzitela-vozidla-sa-od-1-aprila-zmeni\/\"]}]},{\"@type\":\"ImageObject\",\"inLanguage\":\"sk-SK\",\"@id\":\"https:\/\/boomandsmart.com\/poplatok-za-zapis-drzitela-vozidla-sa-od-1-aprila-zmeni\/#primaryimage\",\"url\":\"https:\/\/boomandsmart.com\/wp-content\/uploads\/2023\/02\/speedometer-g739fb4d3e_1920.jpg\",\"contentUrl\":\"https:\/\/boomandsmart.com\/wp-content\/uploads\/2023\/02\/speedometer-g739fb4d3e_1920.jpg\",\"width\":1920,\"height\":1276},{\"@type\":\"BreadcrumbList\",\"@id\":\"https:\/\/boomandsmart.com\/poplatok-za-zapis-drzitela-vozidla-sa-od-1-aprila-zmeni\/#breadcrumb\",\"itemListElement\":[{\"@type\":\"ListItem\",\"position\":1,\"name\":\"Home\",\"item\":\"https:\/\/boomandsmart.com\/sk\/\"},{\"@type\":\"ListItem\",\"position\":2,\"name\":\"Poplatok za z\u00e1pis dr\u017eite\u013ea vozidla sa od 1. apr\u00edla zmen\u00ed\"}]},{\"@type\":\"WebSite\",\"@id\":\"https:\/\/boomandsmart.com\/#website\",\"url\":\"https:\/\/boomandsmart.com\/\",\"name\":\"BOOM &amp; SMART\",\"description\":\"\",\"potentialAction\":[{\"@type\":\"SearchAction\",\"target\":{\"@type\":\"EntryPoint\",\"urlTemplate\":\"https:\/\/boomandsmart.com\/?s={search_term_string}\"},\"query-input\":{\"@type\":\"PropertyValueSpecification\",\"valueRequired\":true,\"valueName\":\"search_term_string\"}}],\"inLanguage\":\"sk-SK\"},{\"@type\":\"Person\",\"@id\":\"https:\/\/boomandsmart.com\/#\/schema\/person\/45472ee9b9a6b06bc4a90e2e95bc7e34\",\"name\":\"boomandsmart\",\"url\":\"https:\/\/boomandsmart.com\/sk\/author\/boomandsmart\/\"}]}<\/script>","yoast_head_json":{"title":"Poplatok za z\u00e1pis dr\u017eite\u013ea vozidla sa od 1. apr\u00edla zmen\u00ed - BOOM &amp; SMART","robots":{"index":"index","follow":"follow","max-snippet":"max-snippet:-1","max-image-preview":"max-image-preview:large","max-video-preview":"max-video-preview:-1"},"canonical":"https:\/\/boomandsmart.com\/poplatok-za-zapis-drzitela-vozidla-sa-od-1-aprila-zmeni\/","og_locale":"sk_SK","og_type":"article","og_title":"Poplatok za z\u00e1pis dr\u017eite\u013ea vozidla sa od 1. apr\u00edla zmen\u00ed - BOOM &amp; SMART","og_description":"&nbsp; D\u0148a 17. febru\u00e1ra 2023 schv\u00e1lila N\u00e1rodn\u00e1 rada SR z\u00e1kon o dani z osobitnej stavby a o zmene a doplnen\u00ed niektor\u00fdch z\u00e1konov. Ako s\u00fa\u010das\u0165 bal\u00edka prijat\u00fdch zmien bola z\u00e1rove\u0148 schv\u00e1len\u00e1 novela z\u00e1kona \u010d. 145\/1995 Z. z. o spr\u00e1vnych poplatkoch, ktor\u00e1 s \u00fa\u010dinnos\u0165ou od 1. apr\u00edla 2023 men\u00ed sp\u00f4sob v\u00fdpo\u010dtu registra\u010dn\u00e9ho poplatku za z\u00e1pis dr\u017eite\u013ea motorov\u00e9ho...","og_url":"https:\/\/boomandsmart.com\/poplatok-za-zapis-drzitela-vozidla-sa-od-1-aprila-zmeni\/","og_site_name":"BOOM &amp; SMART","article_published_time":"2023-02-24T08:11:38+00:00","og_image":[{"width":1920,"height":1276,"url":"https:\/\/boomandsmart.com\/wp-content\/uploads\/2023\/02\/speedometer-g739fb4d3e_1920.jpg","type":"image\/jpeg"}],"author":"boomandsmart","twitter_card":"summary_large_image","twitter_misc":{"Autor":"boomandsmart","Predpokladan\u00fd \u010das \u010d\u00edtania":"2 min\u00faty"},"schema":{"@context":"https:\/\/schema.org","@graph":[{"@type":"Article","@id":"https:\/\/boomandsmart.com\/poplatok-za-zapis-drzitela-vozidla-sa-od-1-aprila-zmeni\/#article","isPartOf":{"@id":"https:\/\/boomandsmart.com\/poplatok-za-zapis-drzitela-vozidla-sa-od-1-aprila-zmeni\/"},"author":{"name":"boomandsmart","@id":"https:\/\/boomandsmart.com\/#\/schema\/person\/45472ee9b9a6b06bc4a90e2e95bc7e34"},"headline":"Poplatok za z\u00e1pis dr\u017eite\u013ea vozidla sa od 1. apr\u00edla zmen\u00ed","datePublished":"2023-02-24T08:11:38+00:00","mainEntityOfPage":{"@id":"https:\/\/boomandsmart.com\/poplatok-za-zapis-drzitela-vozidla-sa-od-1-aprila-zmeni\/"},"wordCount":555,"image":{"@id":"https:\/\/boomandsmart.com\/poplatok-za-zapis-drzitela-vozidla-sa-od-1-aprila-zmeni\/#primaryimage"},"thumbnailUrl":"https:\/\/boomandsmart.com\/wp-content\/uploads\/2023\/02\/speedometer-g739fb4d3e_1920.jpg","articleSection":["Uncategorized @sk"],"inLanguage":"sk-SK"},{"@type":"WebPage","@id":"https:\/\/boomandsmart.com\/poplatok-za-zapis-drzitela-vozidla-sa-od-1-aprila-zmeni\/","url":"https:\/\/boomandsmart.com\/poplatok-za-zapis-drzitela-vozidla-sa-od-1-aprila-zmeni\/","name":"Poplatok za z\u00e1pis dr\u017eite\u013ea vozidla sa od 1. apr\u00edla zmen\u00ed - BOOM &amp; SMART","isPartOf":{"@id":"https:\/\/boomandsmart.com\/#website"},"primaryImageOfPage":{"@id":"https:\/\/boomandsmart.com\/poplatok-za-zapis-drzitela-vozidla-sa-od-1-aprila-zmeni\/#primaryimage"},"image":{"@id":"https:\/\/boomandsmart.com\/poplatok-za-zapis-drzitela-vozidla-sa-od-1-aprila-zmeni\/#primaryimage"},"thumbnailUrl":"https:\/\/boomandsmart.com\/wp-content\/uploads\/2023\/02\/speedometer-g739fb4d3e_1920.jpg","datePublished":"2023-02-24T08:11:38+00:00","author":{"@id":"https:\/\/boomandsmart.com\/#\/schema\/person\/45472ee9b9a6b06bc4a90e2e95bc7e34"},"breadcrumb":{"@id":"https:\/\/boomandsmart.com\/poplatok-za-zapis-drzitela-vozidla-sa-od-1-aprila-zmeni\/#breadcrumb"},"inLanguage":"sk-SK","potentialAction":[{"@type":"ReadAction","target":["https:\/\/boomandsmart.com\/poplatok-za-zapis-drzitela-vozidla-sa-od-1-aprila-zmeni\/"]}]},{"@type":"ImageObject","inLanguage":"sk-SK","@id":"https:\/\/boomandsmart.com\/poplatok-za-zapis-drzitela-vozidla-sa-od-1-aprila-zmeni\/#primaryimage","url":"https:\/\/boomandsmart.com\/wp-content\/uploads\/2023\/02\/speedometer-g739fb4d3e_1920.jpg","contentUrl":"https:\/\/boomandsmart.com\/wp-content\/uploads\/2023\/02\/speedometer-g739fb4d3e_1920.jpg","width":1920,"height":1276},{"@type":"BreadcrumbList","@id":"https:\/\/boomandsmart.com\/poplatok-za-zapis-drzitela-vozidla-sa-od-1-aprila-zmeni\/#breadcrumb","itemListElement":[{"@type":"ListItem","position":1,"name":"Home","item":"https:\/\/boomandsmart.com\/sk\/"},{"@type":"ListItem","position":2,"name":"Poplatok za z\u00e1pis dr\u017eite\u013ea vozidla sa od 1. apr\u00edla zmen\u00ed"}]},{"@type":"WebSite","@id":"https:\/\/boomandsmart.com\/#website","url":"https:\/\/boomandsmart.com\/","name":"BOOM &amp; SMART","description":"","potentialAction":[{"@type":"SearchAction","target":{"@type":"EntryPoint","urlTemplate":"https:\/\/boomandsmart.com\/?s={search_term_string}"},"query-input":{"@type":"PropertyValueSpecification","valueRequired":true,"valueName":"search_term_string"}}],"inLanguage":"sk-SK"},{"@type":"Person","@id":"https:\/\/boomandsmart.com\/#\/schema\/person\/45472ee9b9a6b06bc4a90e2e95bc7e34","name":"boomandsmart","url":"https:\/\/boomandsmart.com\/sk\/author\/boomandsmart\/"}]}},"_links":{"self":[{"href":"https:\/\/boomandsmart.com\/sk\/wp-json\/wp\/v2\/posts\/1316","targetHints":{"allow":["GET"]}}],"collection":[{"href":"https:\/\/boomandsmart.com\/sk\/wp-json\/wp\/v2\/posts"}],"about":[{"href":"https:\/\/boomandsmart.com\/sk\/wp-json\/wp\/v2\/types\/post"}],"author":[{"embeddable":true,"href":"https:\/\/boomandsmart.com\/sk\/wp-json\/wp\/v2\/users\/3"}],"replies":[{"embeddable":true,"href":"https:\/\/boomandsmart.com\/sk\/wp-json\/wp\/v2\/comments?post=1316"}],"version-history":[{"count":0,"href":"https:\/\/boomandsmart.com\/sk\/wp-json\/wp\/v2\/posts\/1316\/revisions"}],"wp:featuredmedia":[{"embeddable":true,"href":"https:\/\/boomandsmart.com\/sk\/wp-json\/wp\/v2\/media\/1317"}],"wp:attachment":[{"href":"https:\/\/boomandsmart.com\/sk\/wp-json\/wp\/v2\/media?parent=1316"}],"wp:term":[{"taxonomy":"category","embeddable":true,"href":"https:\/\/boomandsmart.com\/sk\/wp-json\/wp\/v2\/categories?post=1316"},{"taxonomy":"post_tag","embeddable":true,"href":"https:\/\/boomandsmart.com\/sk\/wp-json\/wp\/v2\/tags?post=1316"}],"curies":[{"name":"wp","href":"https:\/\/api.w.org\/{rel}","templated":true}]}}