{"id":1322,"date":"2023-02-02T16:06:05","date_gmt":"2023-02-02T15:06:05","guid":{"rendered":"https:\/\/boomandsmart.com\/prispevok-na-registraciu-ochrannej-znamky-dizajnu-a-patentu-v-roku-2023\/"},"modified":"2023-02-02T16:06:05","modified_gmt":"2023-02-02T15:06:05","slug":"prispevok-na-registraciu-ochrannej-znamky-dizajnu-a-patentu-v-roku-2023","status":"publish","type":"post","link":"https:\/\/boomandsmart.com\/sk\/prispevok-na-registraciu-ochrannej-znamky-dizajnu-a-patentu-v-roku-2023\/","title":{"rendered":"Pr\u00edspevok na registr\u00e1ciu ochrannej zn\u00e1mky, dizajnu a patentu v roku 2023"},"content":{"rendered":"<p>&nbsp;<\/p>\n<p>Fond Ideas Powered for Business je fond E\u00da ur\u010den\u00fd pre mal\u00e9 a\u00a0stredn\u00e9 podniky (MSP), cie\u013eom ktor\u00e9ho je podpori\u0165 ochranu pr\u00e1va du\u0161evn\u00e9ho vlastn\u00edctva podnikate\u013eov so s\u00eddlom v\u00a0E\u00da. Fond zastre\u0161uje \u00darad Eur\u00f3pskej \u00fanie pre du\u0161evn\u00e9 vlastn\u00edctvo (EUIPO) a\u00a0o\u00a0refund\u00e1ciu mo\u017eno <strong>v\u00a0roku 2023<\/strong> \u017eiada\u0165 <strong>od 23. janu\u00e1ra do 8. decembra<\/strong>.<\/p>\n<p>Ak\u00e9 s\u00fa \u010fal\u0161ie podmienky \u010derpania pr\u00edspevku sa do\u010d\u00edtate ni\u017e\u0161ie.<\/p>\n<p>Hlavnou z\u00e1sadou fondu je z\u00e1sada <strong>\u201ekto prv pr\u00ed<\/strong><strong>de, ten prv berie\u201c<\/strong>. In\u00fdmi slovami, poskytovanie refund\u00e1cie nie je obmedzen\u00e9 len \u010dasovo, ale aj finan\u010dne a\u00a0to sumou <strong>60,1 mili\u00f3na eur<\/strong>. Rozpo\u010det fondu je tak pevne dan\u00fd a\u00a0ak sa pe\u0148a\u017en\u00e9 prostriedky vy\u010derpaj\u00fa, prij\u00edmanie \u017eiadost\u00ed sa uzavrie pred kone\u010dn\u00fdm d\u00e1tumom.<\/p>\n<p><strong>Na ktor\u00e9 \u010dinnosti mo\u017eno \u017eiada\u0165 refund\u00e1ciu n\u00e1kladov?<\/strong><\/p>\n<ul>\n<li><strong>Za ochrann\u00fa zn\u00e1mku a\u00a0dizajn na\u00a0\u00farovni E\u00da<\/strong><br \/>\nM\u00f4\u017eete sa uch\u00e1dza\u0165 o\u00a0n\u00e1hradu vo v\u00fd\u0161ke <strong>75\u00a0%<\/strong> v\u00a0pr\u00edpade poplatkov za prihl\u00e1\u0161ku ochrannej zn\u00e1mky a\/alebo dizajnu, dodato\u010dn\u00fdch poplatkov za\u00a0triedu, poplatkov za prieskum, z\u00e1pis, zverejnenie a\u00a0odklad zverejnenia na \u00farovni E\u00da. Z\u00e1pis sa mus\u00ed uskuto\u010dni\u0165 prostredn\u00edctvom \u00faradu EUIPO.<\/li>\n<li><strong>Za ochrann\u00fa zn\u00e1mku a\u00a0dizajn na vn\u00fatro\u0161t\u00e1tnej \u00farovni<\/strong><br \/>\nM\u00f4\u017eete sa uch\u00e1dza\u0165 o\u00a0n\u00e1hradu vo v\u00fd\u0161ke <strong>75\u00a0%<\/strong> v\u00a0pr\u00edpade poplatkov za prihl\u00e1\u0161ku ochrannej zn\u00e1mky a\/alebo dizajnu, dodato\u010dn\u00fdch poplatkov za triedu, poplatkov za prieskum, z\u00e1pis, zverejnenie a\u00a0odklad zverejnenia na vn\u00fatro\u0161t\u00e1tnej \u00farovni. Z\u00e1pis sa uskuto\u010d\u0148uje prostredn\u00edctvom \u00daradu priemyseln\u00e9ho vlastn\u00edctva SR.<\/li>\n<li><strong>Za ochrann\u00fa zn\u00e1mku a\u00a0dizajn na medzin\u00e1rodnej \u00farovni <\/strong><br \/>\nM\u00f4\u017eete sa uch\u00e1dza\u0165 o\u00a0n\u00e1hradu vo v\u00fd\u0161ke <strong>50\u00a0%<\/strong> v pr\u00edpade poplatkov za z\u00e1kladn\u00fa prihl\u00e1\u0161ku ochrannej zn\u00e1mky a\/alebo dizajnu, poplatkov za vyzna\u010denie a poplatkov za n\u00e1sledn\u00e9 vyzna\u010denie mimo E\u00da. Z\u00e1pis sa uskuto\u010d\u0148uje prostredn\u00edctvom Svetovej organiz\u00e1cie du\u0161evn\u00e9ho vlastn\u00edctva (WIPO).<\/li>\n<\/ul>\n<p>Maxim\u00e1lna suma pr\u00edspevku na z\u00e1pis ochrannej zn\u00e1mky a\/alebo dizajnu je <strong>1000,- EUR<\/strong>. Maxim\u00e1lna suma pr\u00edspevku na v\u010dasn\u00fa diagnostiku v\u00a0oblasti pr\u00e1va du\u0161evn\u00e9ho vlastn\u00edctva (IP Scan) je <strong>1350,- EUR<\/strong>.<\/p>\n<p><strong>Postup pri podan\u00ed \u017eiadosti je nasledovn\u00fd:<\/strong><\/p>\n<ul>\n<li>Elektronick\u00e1 registr\u00e1cia na webstr\u00e1nke EUIPO <a href=\"https:\/\/euipo.europa.eu\/sme-fund\/user\/login\">https:\/\/euipo.europa.eu\/sme-fund\/user\/login<\/a><\/li>\n<li>V\u00fdber \u010dinnosti (prihl\u00e1\u0161ky) o ktor\u00fa m\u00e1te z\u00e1ujem;<\/li>\n<li>Podanie prihl\u00e1\u0161ky nasleduje a\u017e po obdr\u017ean\u00ed potvrdenia o z\u00edskan\u00ed grantu;<\/li>\n<li>Zaplatenie spr\u00e1vneho poplatku;<\/li>\n<li>Podanie \u017eiadosti o refund\u00e1ciu spr\u00e1vneho poplatku.<\/li>\n<\/ul>\n<p>\u017diados\u0165 o\u00a0grant m\u00f4\u017ee poda\u0165 s\u00e1m podnikate\u013e, jeho zamestnanec alebo splnomocnen\u00fd pr\u00e1vny z\u00e1stupca. Preto ak zva\u017eujete podanie prihl\u00e1\u0161ky ochrannej zn\u00e1mky, dizajnu \u010di patentu, radi V\u00e1m so \u017eiados\u0165ou pom\u00f4\u017eeme.<\/p>\n<p><strong>Ak\u00e9 s\u00fa \u010fal\u0161ie podmienky \u010derpania pr\u00edspevku?<\/strong><\/p>\n<p>Pr\u00edspevok m\u00f4\u017eu \u010derpa\u0165 mikropodniky, mal\u00e9 podniky a\u00a0stredn\u00e9 podniky. S\u00eddlo MSP mus\u00ed by\u0165 v\u00fdlu\u010dne na \u00fazem\u00ed E\u00da, z\u00a0\u010doho vypl\u00fdva, \u017ee o\u00a0refund\u00e1ciu nem\u00f4\u017eu \u017eiada\u0165 podnikatelia so s\u00eddlom v Lichten\u0161tajnsku, N\u00f3rsku a\u00a0Islande. Tieto krajiny s\u00fa s\u00edce \u010dlenmi EHP, ale mimo E\u00da.<\/p>\n","protected":false},"excerpt":{"rendered":"<p>&nbsp; Fond Ideas Powered for Business je fond E\u00da ur\u010den\u00fd pre mal\u00e9 a\u00a0stredn\u00e9 podniky (MSP), cie\u013eom ktor\u00e9ho je podpori\u0165 ochranu pr\u00e1va du\u0161evn\u00e9ho vlastn\u00edctva podnikate\u013eov so s\u00eddlom v\u00a0E\u00da. Fond zastre\u0161uje \u00darad Eur\u00f3pskej \u00fanie pre du\u0161evn\u00e9 vlastn\u00edctvo (EUIPO) a\u00a0o\u00a0refund\u00e1ciu mo\u017eno v\u00a0roku 2023 \u017eiada\u0165 od 23. janu\u00e1ra do 8. decembra. Ak\u00e9 s\u00fa \u010fal\u0161ie podmienky \u010derpania pr\u00edspevku sa do\u010d\u00edtate&#8230;<\/p>\n","protected":false},"author":3,"featured_media":1323,"comment_status":"closed","ping_status":"closed","sticky":false,"template":"","format":"standard","meta":{"inline_featured_image":false,"footnotes":""},"categories":[1],"tags":[],"class_list":["post-1322","post","type-post","status-publish","format-standard","has-post-thumbnail","hentry","category-uncategorized-sk"],"yoast_head":"<title>Pr\u00edspevok na registr\u00e1ciu ochrannej zn\u00e1mky, dizajnu a patentu v roku 2023 - BOOM &amp; SMART<\/title>\n<meta name=\"robots\" content=\"index, follow, max-snippet:-1, max-image-preview:large, max-video-preview:-1\" \/>\n<link rel=\"canonical\" href=\"https:\/\/boomandsmart.com\/prispevok-na-registraciu-ochrannej-znamky-dizajnu-a-patentu-v-roku-2023\/\" \/>\n<meta property=\"og:locale\" content=\"sk_SK\" \/>\n<meta property=\"og:type\" content=\"article\" \/>\n<meta property=\"og:title\" content=\"Pr\u00edspevok na registr\u00e1ciu ochrannej zn\u00e1mky, dizajnu a patentu v roku 2023 - BOOM &amp; SMART\" \/>\n<meta property=\"og:description\" content=\"&nbsp; Fond Ideas Powered for Business je fond E\u00da ur\u010den\u00fd pre mal\u00e9 a\u00a0stredn\u00e9 podniky (MSP), cie\u013eom ktor\u00e9ho je podpori\u0165 ochranu pr\u00e1va du\u0161evn\u00e9ho vlastn\u00edctva podnikate\u013eov so s\u00eddlom v\u00a0E\u00da. Fond zastre\u0161uje \u00darad Eur\u00f3pskej \u00fanie pre du\u0161evn\u00e9 vlastn\u00edctvo (EUIPO) a\u00a0o\u00a0refund\u00e1ciu mo\u017eno v\u00a0roku 2023 \u017eiada\u0165 od 23. janu\u00e1ra do 8. decembra. Ak\u00e9 s\u00fa \u010fal\u0161ie podmienky \u010derpania pr\u00edspevku sa do\u010d\u00edtate...\" \/>\n<meta property=\"og:url\" content=\"https:\/\/boomandsmart.com\/prispevok-na-registraciu-ochrannej-znamky-dizajnu-a-patentu-v-roku-2023\/\" \/>\n<meta property=\"og:site_name\" content=\"BOOM &amp; SMART\" \/>\n<meta property=\"article:published_time\" content=\"2023-02-02T15:06:05+00:00\" \/>\n<meta property=\"og:image\" content=\"https:\/\/boomandsmart.com\/wp-content\/uploads\/2023\/02\/banknotes-g8f3b11eed_1920.jpg\" \/>\n\t<meta property=\"og:image:width\" content=\"1920\" \/>\n\t<meta property=\"og:image:height\" content=\"1279\" \/>\n\t<meta property=\"og:image:type\" content=\"image\/jpeg\" \/>\n<meta name=\"author\" content=\"boomandsmart\" \/>\n<meta name=\"twitter:card\" content=\"summary_large_image\" \/>\n<meta name=\"twitter:label1\" content=\"Autor\" \/>\n\t<meta name=\"twitter:data1\" content=\"boomandsmart\" \/>\n\t<meta name=\"twitter:label2\" content=\"Predpokladan\u00fd \u010das \u010d\u00edtania\" \/>\n\t<meta name=\"twitter:data2\" content=\"2 min\u00faty\" \/>\n<script type=\"application\/ld+json\" class=\"yoast-schema-graph\">{\"@context\":\"https:\/\/schema.org\",\"@graph\":[{\"@type\":\"Article\",\"@id\":\"https:\/\/boomandsmart.com\/prispevok-na-registraciu-ochrannej-znamky-dizajnu-a-patentu-v-roku-2023\/#article\",\"isPartOf\":{\"@id\":\"https:\/\/boomandsmart.com\/prispevok-na-registraciu-ochrannej-znamky-dizajnu-a-patentu-v-roku-2023\/\"},\"author\":{\"name\":\"boomandsmart\",\"@id\":\"https:\/\/boomandsmart.com\/#\/schema\/person\/45472ee9b9a6b06bc4a90e2e95bc7e34\"},\"headline\":\"Pr\u00edspevok na registr\u00e1ciu ochrannej zn\u00e1mky, dizajnu a patentu v roku 2023\",\"datePublished\":\"2023-02-02T15:06:05+00:00\",\"mainEntityOfPage\":{\"@id\":\"https:\/\/boomandsmart.com\/prispevok-na-registraciu-ochrannej-znamky-dizajnu-a-patentu-v-roku-2023\/\"},\"wordCount\":555,\"image\":{\"@id\":\"https:\/\/boomandsmart.com\/prispevok-na-registraciu-ochrannej-znamky-dizajnu-a-patentu-v-roku-2023\/#primaryimage\"},\"thumbnailUrl\":\"https:\/\/boomandsmart.com\/wp-content\/uploads\/2023\/02\/banknotes-g8f3b11eed_1920.jpg\",\"articleSection\":[\"Uncategorized @sk\"],\"inLanguage\":\"sk-SK\"},{\"@type\":\"WebPage\",\"@id\":\"https:\/\/boomandsmart.com\/prispevok-na-registraciu-ochrannej-znamky-dizajnu-a-patentu-v-roku-2023\/\",\"url\":\"https:\/\/boomandsmart.com\/prispevok-na-registraciu-ochrannej-znamky-dizajnu-a-patentu-v-roku-2023\/\",\"name\":\"Pr\u00edspevok na registr\u00e1ciu ochrannej zn\u00e1mky, dizajnu a patentu v roku 2023 - BOOM &amp; SMART\",\"isPartOf\":{\"@id\":\"https:\/\/boomandsmart.com\/#website\"},\"primaryImageOfPage\":{\"@id\":\"https:\/\/boomandsmart.com\/prispevok-na-registraciu-ochrannej-znamky-dizajnu-a-patentu-v-roku-2023\/#primaryimage\"},\"image\":{\"@id\":\"https:\/\/boomandsmart.com\/prispevok-na-registraciu-ochrannej-znamky-dizajnu-a-patentu-v-roku-2023\/#primaryimage\"},\"thumbnailUrl\":\"https:\/\/boomandsmart.com\/wp-content\/uploads\/2023\/02\/banknotes-g8f3b11eed_1920.jpg\",\"datePublished\":\"2023-02-02T15:06:05+00:00\",\"author\":{\"@id\":\"https:\/\/boomandsmart.com\/#\/schema\/person\/45472ee9b9a6b06bc4a90e2e95bc7e34\"},\"breadcrumb\":{\"@id\":\"https:\/\/boomandsmart.com\/prispevok-na-registraciu-ochrannej-znamky-dizajnu-a-patentu-v-roku-2023\/#breadcrumb\"},\"inLanguage\":\"sk-SK\",\"potentialAction\":[{\"@type\":\"ReadAction\",\"target\":[\"https:\/\/boomandsmart.com\/prispevok-na-registraciu-ochrannej-znamky-dizajnu-a-patentu-v-roku-2023\/\"]}]},{\"@type\":\"ImageObject\",\"inLanguage\":\"sk-SK\",\"@id\":\"https:\/\/boomandsmart.com\/prispevok-na-registraciu-ochrannej-znamky-dizajnu-a-patentu-v-roku-2023\/#primaryimage\",\"url\":\"https:\/\/boomandsmart.com\/wp-content\/uploads\/2023\/02\/banknotes-g8f3b11eed_1920.jpg\",\"contentUrl\":\"https:\/\/boomandsmart.com\/wp-content\/uploads\/2023\/02\/banknotes-g8f3b11eed_1920.jpg\",\"width\":1920,\"height\":1279},{\"@type\":\"BreadcrumbList\",\"@id\":\"https:\/\/boomandsmart.com\/prispevok-na-registraciu-ochrannej-znamky-dizajnu-a-patentu-v-roku-2023\/#breadcrumb\",\"itemListElement\":[{\"@type\":\"ListItem\",\"position\":1,\"name\":\"Home\",\"item\":\"https:\/\/boomandsmart.com\/sk\/\"},{\"@type\":\"ListItem\",\"position\":2,\"name\":\"Pr\u00edspevok na registr\u00e1ciu ochrannej zn\u00e1mky, dizajnu a patentu v roku 2023\"}]},{\"@type\":\"WebSite\",\"@id\":\"https:\/\/boomandsmart.com\/#website\",\"url\":\"https:\/\/boomandsmart.com\/\",\"name\":\"BOOM &amp; SMART\",\"description\":\"\",\"potentialAction\":[{\"@type\":\"SearchAction\",\"target\":{\"@type\":\"EntryPoint\",\"urlTemplate\":\"https:\/\/boomandsmart.com\/?s={search_term_string}\"},\"query-input\":{\"@type\":\"PropertyValueSpecification\",\"valueRequired\":true,\"valueName\":\"search_term_string\"}}],\"inLanguage\":\"sk-SK\"},{\"@type\":\"Person\",\"@id\":\"https:\/\/boomandsmart.com\/#\/schema\/person\/45472ee9b9a6b06bc4a90e2e95bc7e34\",\"name\":\"boomandsmart\",\"url\":\"https:\/\/boomandsmart.com\/sk\/author\/boomandsmart\/\"}]}<\/script>","yoast_head_json":{"title":"Pr\u00edspevok na registr\u00e1ciu ochrannej zn\u00e1mky, dizajnu a patentu v roku 2023 - BOOM &amp; SMART","robots":{"index":"index","follow":"follow","max-snippet":"max-snippet:-1","max-image-preview":"max-image-preview:large","max-video-preview":"max-video-preview:-1"},"canonical":"https:\/\/boomandsmart.com\/prispevok-na-registraciu-ochrannej-znamky-dizajnu-a-patentu-v-roku-2023\/","og_locale":"sk_SK","og_type":"article","og_title":"Pr\u00edspevok na registr\u00e1ciu ochrannej zn\u00e1mky, dizajnu a patentu v roku 2023 - BOOM &amp; SMART","og_description":"&nbsp; Fond Ideas Powered for Business je fond E\u00da ur\u010den\u00fd pre mal\u00e9 a\u00a0stredn\u00e9 podniky (MSP), cie\u013eom ktor\u00e9ho je podpori\u0165 ochranu pr\u00e1va du\u0161evn\u00e9ho vlastn\u00edctva podnikate\u013eov so s\u00eddlom v\u00a0E\u00da. Fond zastre\u0161uje \u00darad Eur\u00f3pskej \u00fanie pre du\u0161evn\u00e9 vlastn\u00edctvo (EUIPO) a\u00a0o\u00a0refund\u00e1ciu mo\u017eno v\u00a0roku 2023 \u017eiada\u0165 od 23. janu\u00e1ra do 8. decembra. Ak\u00e9 s\u00fa \u010fal\u0161ie podmienky \u010derpania pr\u00edspevku sa do\u010d\u00edtate...","og_url":"https:\/\/boomandsmart.com\/prispevok-na-registraciu-ochrannej-znamky-dizajnu-a-patentu-v-roku-2023\/","og_site_name":"BOOM &amp; SMART","article_published_time":"2023-02-02T15:06:05+00:00","og_image":[{"width":1920,"height":1279,"url":"https:\/\/boomandsmart.com\/wp-content\/uploads\/2023\/02\/banknotes-g8f3b11eed_1920.jpg","type":"image\/jpeg"}],"author":"boomandsmart","twitter_card":"summary_large_image","twitter_misc":{"Autor":"boomandsmart","Predpokladan\u00fd \u010das \u010d\u00edtania":"2 min\u00faty"},"schema":{"@context":"https:\/\/schema.org","@graph":[{"@type":"Article","@id":"https:\/\/boomandsmart.com\/prispevok-na-registraciu-ochrannej-znamky-dizajnu-a-patentu-v-roku-2023\/#article","isPartOf":{"@id":"https:\/\/boomandsmart.com\/prispevok-na-registraciu-ochrannej-znamky-dizajnu-a-patentu-v-roku-2023\/"},"author":{"name":"boomandsmart","@id":"https:\/\/boomandsmart.com\/#\/schema\/person\/45472ee9b9a6b06bc4a90e2e95bc7e34"},"headline":"Pr\u00edspevok na registr\u00e1ciu ochrannej zn\u00e1mky, dizajnu a patentu v roku 2023","datePublished":"2023-02-02T15:06:05+00:00","mainEntityOfPage":{"@id":"https:\/\/boomandsmart.com\/prispevok-na-registraciu-ochrannej-znamky-dizajnu-a-patentu-v-roku-2023\/"},"wordCount":555,"image":{"@id":"https:\/\/boomandsmart.com\/prispevok-na-registraciu-ochrannej-znamky-dizajnu-a-patentu-v-roku-2023\/#primaryimage"},"thumbnailUrl":"https:\/\/boomandsmart.com\/wp-content\/uploads\/2023\/02\/banknotes-g8f3b11eed_1920.jpg","articleSection":["Uncategorized @sk"],"inLanguage":"sk-SK"},{"@type":"WebPage","@id":"https:\/\/boomandsmart.com\/prispevok-na-registraciu-ochrannej-znamky-dizajnu-a-patentu-v-roku-2023\/","url":"https:\/\/boomandsmart.com\/prispevok-na-registraciu-ochrannej-znamky-dizajnu-a-patentu-v-roku-2023\/","name":"Pr\u00edspevok na registr\u00e1ciu ochrannej zn\u00e1mky, dizajnu a patentu v roku 2023 - BOOM &amp; SMART","isPartOf":{"@id":"https:\/\/boomandsmart.com\/#website"},"primaryImageOfPage":{"@id":"https:\/\/boomandsmart.com\/prispevok-na-registraciu-ochrannej-znamky-dizajnu-a-patentu-v-roku-2023\/#primaryimage"},"image":{"@id":"https:\/\/boomandsmart.com\/prispevok-na-registraciu-ochrannej-znamky-dizajnu-a-patentu-v-roku-2023\/#primaryimage"},"thumbnailUrl":"https:\/\/boomandsmart.com\/wp-content\/uploads\/2023\/02\/banknotes-g8f3b11eed_1920.jpg","datePublished":"2023-02-02T15:06:05+00:00","author":{"@id":"https:\/\/boomandsmart.com\/#\/schema\/person\/45472ee9b9a6b06bc4a90e2e95bc7e34"},"breadcrumb":{"@id":"https:\/\/boomandsmart.com\/prispevok-na-registraciu-ochrannej-znamky-dizajnu-a-patentu-v-roku-2023\/#breadcrumb"},"inLanguage":"sk-SK","potentialAction":[{"@type":"ReadAction","target":["https:\/\/boomandsmart.com\/prispevok-na-registraciu-ochrannej-znamky-dizajnu-a-patentu-v-roku-2023\/"]}]},{"@type":"ImageObject","inLanguage":"sk-SK","@id":"https:\/\/boomandsmart.com\/prispevok-na-registraciu-ochrannej-znamky-dizajnu-a-patentu-v-roku-2023\/#primaryimage","url":"https:\/\/boomandsmart.com\/wp-content\/uploads\/2023\/02\/banknotes-g8f3b11eed_1920.jpg","contentUrl":"https:\/\/boomandsmart.com\/wp-content\/uploads\/2023\/02\/banknotes-g8f3b11eed_1920.jpg","width":1920,"height":1279},{"@type":"BreadcrumbList","@id":"https:\/\/boomandsmart.com\/prispevok-na-registraciu-ochrannej-znamky-dizajnu-a-patentu-v-roku-2023\/#breadcrumb","itemListElement":[{"@type":"ListItem","position":1,"name":"Home","item":"https:\/\/boomandsmart.com\/sk\/"},{"@type":"ListItem","position":2,"name":"Pr\u00edspevok na registr\u00e1ciu ochrannej zn\u00e1mky, dizajnu a patentu v roku 2023"}]},{"@type":"WebSite","@id":"https:\/\/boomandsmart.com\/#website","url":"https:\/\/boomandsmart.com\/","name":"BOOM &amp; SMART","description":"","potentialAction":[{"@type":"SearchAction","target":{"@type":"EntryPoint","urlTemplate":"https:\/\/boomandsmart.com\/?s={search_term_string}"},"query-input":{"@type":"PropertyValueSpecification","valueRequired":true,"valueName":"search_term_string"}}],"inLanguage":"sk-SK"},{"@type":"Person","@id":"https:\/\/boomandsmart.com\/#\/schema\/person\/45472ee9b9a6b06bc4a90e2e95bc7e34","name":"boomandsmart","url":"https:\/\/boomandsmart.com\/sk\/author\/boomandsmart\/"}]}},"_links":{"self":[{"href":"https:\/\/boomandsmart.com\/sk\/wp-json\/wp\/v2\/posts\/1322","targetHints":{"allow":["GET"]}}],"collection":[{"href":"https:\/\/boomandsmart.com\/sk\/wp-json\/wp\/v2\/posts"}],"about":[{"href":"https:\/\/boomandsmart.com\/sk\/wp-json\/wp\/v2\/types\/post"}],"author":[{"embeddable":true,"href":"https:\/\/boomandsmart.com\/sk\/wp-json\/wp\/v2\/users\/3"}],"replies":[{"embeddable":true,"href":"https:\/\/boomandsmart.com\/sk\/wp-json\/wp\/v2\/comments?post=1322"}],"version-history":[{"count":0,"href":"https:\/\/boomandsmart.com\/sk\/wp-json\/wp\/v2\/posts\/1322\/revisions"}],"wp:featuredmedia":[{"embeddable":true,"href":"https:\/\/boomandsmart.com\/sk\/wp-json\/wp\/v2\/media\/1323"}],"wp:attachment":[{"href":"https:\/\/boomandsmart.com\/sk\/wp-json\/wp\/v2\/media?parent=1322"}],"wp:term":[{"taxonomy":"category","embeddable":true,"href":"https:\/\/boomandsmart.com\/sk\/wp-json\/wp\/v2\/categories?post=1322"},{"taxonomy":"post_tag","embeddable":true,"href":"https:\/\/boomandsmart.com\/sk\/wp-json\/wp\/v2\/tags?post=1322"}],"curies":[{"name":"wp","href":"https:\/\/api.w.org\/{rel}","templated":true}]}}