{"id":1328,"date":"2022-12-23T12:08:07","date_gmt":"2022-12-23T11:08:07","guid":{"rendered":"https:\/\/boomandsmart.com\/ziadost-o-zamedzenie-pristupu-sirokej-verejnosti-k-osobnym-udajom-kuv-v-rpvs\/"},"modified":"2022-12-23T12:08:07","modified_gmt":"2022-12-23T11:08:07","slug":"ziadost-o-zamedzenie-pristupu-sirokej-verejnosti-k-osobnym-udajom-kuv-v-rpvs","status":"publish","type":"post","link":"https:\/\/boomandsmart.com\/sk\/ziadost-o-zamedzenie-pristupu-sirokej-verejnosti-k-osobnym-udajom-kuv-v-rpvs\/","title":{"rendered":"\u017diados\u0165 o zamedzenie pr\u00edstupu \u0161irokej verejnosti k osobn\u00fdm \u00fadajom K\u00daV v RPVS"},"content":{"rendered":"<h5><\/h5>\n<p>Na\u0161a advok\u00e1tska kancel\u00e1ria pripravila vzor \u017eiadosti o\u00a0zamedzenie pr\u00edstupu \u0161irokej verejnosti k\u00a0osobn\u00fdm \u00fadajom K\u00daV v\u00a0RPVS. \u00a0\u017diados\u0165 vych\u00e1dza z\u00a0ned\u00e1vneho rozsudku S\u00fadneho dvora E\u00da v\u00a0spojen\u00fdch veciach C-37\/20 a C-601\/20 zo d\u0148a 22.novembra 2022, ktor\u00fd je dostupn\u00fd napr\u00edklad <a href=\"https:\/\/curia.europa.eu\/juris\/document\/document.jsf?text=&amp;docid=268059&amp;pageIndex=0&amp;doclang=SK&amp;mode=req&amp;dir=&amp;occ=first&amp;part=1&amp;cid=12201\" target=\"_blank\" rel=\"noopener\">TU<\/a>. Vzorov\u00fa \u017eiados\u0165 si m\u00f4\u017eete stiahnu\u0165 <a href=\"https:\/\/boomandsmart.com\/wp-content\/uploads\/2023\/01\/Ziadost_MSSR_RPVS.docx\">TU<\/a>.<\/p>\n<p>Dovo\u013eujeme si v\u00e1s v\u0161ak upozorni\u0165, \u017ee \u00faspech vo veci z\u00e1vis\u00ed od jej pr\u00e1vneho pos\u00fadenia Ministerstvom spravodlivosti Slovenskej republiky ako spr\u00e1vcom informa\u010dn\u00e9ho syst\u00e9mu RPVS, preto ho nem\u00f4\u017eeme garantova\u0165.<\/p>\n<p>V pr\u00edpade, ak v s\u00favislosti s podan\u00edm \u017eiadosti m\u00e1te ot\u00e1zky alebo potrebujete pri jej podan\u00ed usmerni\u0165, m\u00f4\u017eete n\u00e1s kontaktova\u0165 e-mailom na: <a href=\"mailto:office-sk@boomandsmart.com\">office-sk@boomandsmart.com<\/a><\/p>\n","protected":false},"excerpt":{"rendered":"<p>Na\u0161a advok\u00e1tska kancel\u00e1ria pripravila vzor \u017eiadosti o\u00a0zamedzenie pr\u00edstupu \u0161irokej verejnosti k\u00a0osobn\u00fdm \u00fadajom K\u00daV v\u00a0RPVS. \u00a0\u017diados\u0165 vych\u00e1dza z\u00a0ned\u00e1vneho rozsudku S\u00fadneho dvora E\u00da v\u00a0spojen\u00fdch veciach C-37\/20 a C-601\/20 zo d\u0148a 22.novembra 2022, ktor\u00fd je dostupn\u00fd napr\u00edklad TU. Vzorov\u00fa \u017eiados\u0165 si m\u00f4\u017eete stiahnu\u0165 TU. Dovo\u013eujeme si v\u00e1s v\u0161ak upozorni\u0165, \u017ee \u00faspech vo veci z\u00e1vis\u00ed od jej pr\u00e1vneho pos\u00fadenia&#8230;<\/p>\n","protected":false},"author":3,"featured_media":1330,"comment_status":"closed","ping_status":"closed","sticky":false,"template":"","format":"standard","meta":{"inline_featured_image":false,"footnotes":""},"categories":[1],"tags":[],"class_list":["post-1328","post","type-post","status-publish","format-standard","has-post-thumbnail","hentry","category-uncategorized-sk"],"yoast_head":"<title>\u017diados\u0165 o zamedzenie pr\u00edstupu \u0161irokej verejnosti k osobn\u00fdm \u00fadajom K\u00daV v RPVS - BOOM &amp; SMART<\/title>\n<meta name=\"robots\" content=\"index, follow, max-snippet:-1, max-image-preview:large, max-video-preview:-1\" \/>\n<link rel=\"canonical\" href=\"https:\/\/boomandsmart.com\/ziadost-o-zamedzenie-pristupu-sirokej-verejnosti-k-osobnym-udajom-kuv-v-rpvs\/\" \/>\n<meta property=\"og:locale\" content=\"sk_SK\" \/>\n<meta property=\"og:type\" content=\"article\" \/>\n<meta property=\"og:title\" content=\"\u017diados\u0165 o zamedzenie pr\u00edstupu \u0161irokej verejnosti k osobn\u00fdm \u00fadajom K\u00daV v RPVS - BOOM &amp; SMART\" \/>\n<meta property=\"og:description\" content=\"Na\u0161a advok\u00e1tska kancel\u00e1ria pripravila vzor \u017eiadosti o\u00a0zamedzenie pr\u00edstupu \u0161irokej verejnosti k\u00a0osobn\u00fdm \u00fadajom K\u00daV v\u00a0RPVS. \u00a0\u017diados\u0165 vych\u00e1dza z\u00a0ned\u00e1vneho rozsudku S\u00fadneho dvora E\u00da v\u00a0spojen\u00fdch veciach C-37\/20 a C-601\/20 zo d\u0148a 22.novembra 2022, ktor\u00fd je dostupn\u00fd napr\u00edklad TU. Vzorov\u00fa \u017eiados\u0165 si m\u00f4\u017eete stiahnu\u0165 TU. Dovo\u013eujeme si v\u00e1s v\u0161ak upozorni\u0165, \u017ee \u00faspech vo veci z\u00e1vis\u00ed od jej pr\u00e1vneho pos\u00fadenia...\" \/>\n<meta property=\"og:url\" content=\"https:\/\/boomandsmart.com\/ziadost-o-zamedzenie-pristupu-sirokej-verejnosti-k-osobnym-udajom-kuv-v-rpvs\/\" \/>\n<meta property=\"og:site_name\" content=\"BOOM &amp; SMART\" \/>\n<meta property=\"article:published_time\" content=\"2022-12-23T11:08:07+00:00\" \/>\n<meta property=\"og:image\" content=\"https:\/\/boomandsmart.com\/wp-content\/uploads\/2022\/12\/envelope-g6eaea27d2_1280.png\" \/>\n\t<meta property=\"og:image:width\" content=\"1280\" \/>\n\t<meta property=\"og:image:height\" content=\"1280\" \/>\n\t<meta property=\"og:image:type\" content=\"image\/png\" \/>\n<meta name=\"author\" content=\"boomandsmart\" \/>\n<meta name=\"twitter:card\" content=\"summary_large_image\" \/>\n<meta name=\"twitter:label1\" content=\"Autor\" \/>\n\t<meta name=\"twitter:data1\" content=\"boomandsmart\" \/>\n\t<meta name=\"twitter:label2\" content=\"Predpokladan\u00fd \u010das \u010d\u00edtania\" \/>\n\t<meta name=\"twitter:data2\" content=\"1 min\u00fata\" \/>\n<script type=\"application\/ld+json\" class=\"yoast-schema-graph\">{\"@context\":\"https:\/\/schema.org\",\"@graph\":[{\"@type\":\"Article\",\"@id\":\"https:\/\/boomandsmart.com\/ziadost-o-zamedzenie-pristupu-sirokej-verejnosti-k-osobnym-udajom-kuv-v-rpvs\/#article\",\"isPartOf\":{\"@id\":\"https:\/\/boomandsmart.com\/ziadost-o-zamedzenie-pristupu-sirokej-verejnosti-k-osobnym-udajom-kuv-v-rpvs\/\"},\"author\":{\"name\":\"boomandsmart\",\"@id\":\"https:\/\/boomandsmart.com\/#\/schema\/person\/45472ee9b9a6b06bc4a90e2e95bc7e34\"},\"headline\":\"\u017diados\u0165 o zamedzenie pr\u00edstupu \u0161irokej verejnosti k osobn\u00fdm \u00fadajom K\u00daV v RPVS\",\"datePublished\":\"2022-12-23T11:08:07+00:00\",\"mainEntityOfPage\":{\"@id\":\"https:\/\/boomandsmart.com\/ziadost-o-zamedzenie-pristupu-sirokej-verejnosti-k-osobnym-udajom-kuv-v-rpvs\/\"},\"wordCount\":142,\"image\":{\"@id\":\"https:\/\/boomandsmart.com\/ziadost-o-zamedzenie-pristupu-sirokej-verejnosti-k-osobnym-udajom-kuv-v-rpvs\/#primaryimage\"},\"thumbnailUrl\":\"https:\/\/boomandsmart.com\/wp-content\/uploads\/2022\/12\/envelope-g6eaea27d2_1280.png\",\"articleSection\":[\"Uncategorized @sk\"],\"inLanguage\":\"sk-SK\"},{\"@type\":\"WebPage\",\"@id\":\"https:\/\/boomandsmart.com\/ziadost-o-zamedzenie-pristupu-sirokej-verejnosti-k-osobnym-udajom-kuv-v-rpvs\/\",\"url\":\"https:\/\/boomandsmart.com\/ziadost-o-zamedzenie-pristupu-sirokej-verejnosti-k-osobnym-udajom-kuv-v-rpvs\/\",\"name\":\"\u017diados\u0165 o zamedzenie pr\u00edstupu \u0161irokej verejnosti k osobn\u00fdm \u00fadajom K\u00daV v RPVS - BOOM &amp; SMART\",\"isPartOf\":{\"@id\":\"https:\/\/boomandsmart.com\/#website\"},\"primaryImageOfPage\":{\"@id\":\"https:\/\/boomandsmart.com\/ziadost-o-zamedzenie-pristupu-sirokej-verejnosti-k-osobnym-udajom-kuv-v-rpvs\/#primaryimage\"},\"image\":{\"@id\":\"https:\/\/boomandsmart.com\/ziadost-o-zamedzenie-pristupu-sirokej-verejnosti-k-osobnym-udajom-kuv-v-rpvs\/#primaryimage\"},\"thumbnailUrl\":\"https:\/\/boomandsmart.com\/wp-content\/uploads\/2022\/12\/envelope-g6eaea27d2_1280.png\",\"datePublished\":\"2022-12-23T11:08:07+00:00\",\"author\":{\"@id\":\"https:\/\/boomandsmart.com\/#\/schema\/person\/45472ee9b9a6b06bc4a90e2e95bc7e34\"},\"breadcrumb\":{\"@id\":\"https:\/\/boomandsmart.com\/ziadost-o-zamedzenie-pristupu-sirokej-verejnosti-k-osobnym-udajom-kuv-v-rpvs\/#breadcrumb\"},\"inLanguage\":\"sk-SK\",\"potentialAction\":[{\"@type\":\"ReadAction\",\"target\":[\"https:\/\/boomandsmart.com\/ziadost-o-zamedzenie-pristupu-sirokej-verejnosti-k-osobnym-udajom-kuv-v-rpvs\/\"]}]},{\"@type\":\"ImageObject\",\"inLanguage\":\"sk-SK\",\"@id\":\"https:\/\/boomandsmart.com\/ziadost-o-zamedzenie-pristupu-sirokej-verejnosti-k-osobnym-udajom-kuv-v-rpvs\/#primaryimage\",\"url\":\"https:\/\/boomandsmart.com\/wp-content\/uploads\/2022\/12\/envelope-g6eaea27d2_1280.png\",\"contentUrl\":\"https:\/\/boomandsmart.com\/wp-content\/uploads\/2022\/12\/envelope-g6eaea27d2_1280.png\",\"width\":1280,\"height\":1280},{\"@type\":\"BreadcrumbList\",\"@id\":\"https:\/\/boomandsmart.com\/ziadost-o-zamedzenie-pristupu-sirokej-verejnosti-k-osobnym-udajom-kuv-v-rpvs\/#breadcrumb\",\"itemListElement\":[{\"@type\":\"ListItem\",\"position\":1,\"name\":\"Home\",\"item\":\"https:\/\/boomandsmart.com\/sk\/\"},{\"@type\":\"ListItem\",\"position\":2,\"name\":\"\u017diados\u0165 o zamedzenie pr\u00edstupu \u0161irokej verejnosti k osobn\u00fdm \u00fadajom K\u00daV v RPVS\"}]},{\"@type\":\"WebSite\",\"@id\":\"https:\/\/boomandsmart.com\/#website\",\"url\":\"https:\/\/boomandsmart.com\/\",\"name\":\"BOOM &amp; SMART\",\"description\":\"\",\"potentialAction\":[{\"@type\":\"SearchAction\",\"target\":{\"@type\":\"EntryPoint\",\"urlTemplate\":\"https:\/\/boomandsmart.com\/?s={search_term_string}\"},\"query-input\":{\"@type\":\"PropertyValueSpecification\",\"valueRequired\":true,\"valueName\":\"search_term_string\"}}],\"inLanguage\":\"sk-SK\"},{\"@type\":\"Person\",\"@id\":\"https:\/\/boomandsmart.com\/#\/schema\/person\/45472ee9b9a6b06bc4a90e2e95bc7e34\",\"name\":\"boomandsmart\",\"url\":\"https:\/\/boomandsmart.com\/sk\/author\/boomandsmart\/\"}]}<\/script>","yoast_head_json":{"title":"\u017diados\u0165 o zamedzenie pr\u00edstupu \u0161irokej verejnosti k osobn\u00fdm \u00fadajom K\u00daV v RPVS - BOOM &amp; SMART","robots":{"index":"index","follow":"follow","max-snippet":"max-snippet:-1","max-image-preview":"max-image-preview:large","max-video-preview":"max-video-preview:-1"},"canonical":"https:\/\/boomandsmart.com\/ziadost-o-zamedzenie-pristupu-sirokej-verejnosti-k-osobnym-udajom-kuv-v-rpvs\/","og_locale":"sk_SK","og_type":"article","og_title":"\u017diados\u0165 o zamedzenie pr\u00edstupu \u0161irokej verejnosti k osobn\u00fdm \u00fadajom K\u00daV v RPVS - BOOM &amp; SMART","og_description":"Na\u0161a advok\u00e1tska kancel\u00e1ria pripravila vzor \u017eiadosti o\u00a0zamedzenie pr\u00edstupu \u0161irokej verejnosti k\u00a0osobn\u00fdm \u00fadajom K\u00daV v\u00a0RPVS. \u00a0\u017diados\u0165 vych\u00e1dza z\u00a0ned\u00e1vneho rozsudku S\u00fadneho dvora E\u00da v\u00a0spojen\u00fdch veciach C-37\/20 a C-601\/20 zo d\u0148a 22.novembra 2022, ktor\u00fd je dostupn\u00fd napr\u00edklad TU. Vzorov\u00fa \u017eiados\u0165 si m\u00f4\u017eete stiahnu\u0165 TU. Dovo\u013eujeme si v\u00e1s v\u0161ak upozorni\u0165, \u017ee \u00faspech vo veci z\u00e1vis\u00ed od jej pr\u00e1vneho pos\u00fadenia...","og_url":"https:\/\/boomandsmart.com\/ziadost-o-zamedzenie-pristupu-sirokej-verejnosti-k-osobnym-udajom-kuv-v-rpvs\/","og_site_name":"BOOM &amp; SMART","article_published_time":"2022-12-23T11:08:07+00:00","og_image":[{"width":1280,"height":1280,"url":"https:\/\/boomandsmart.com\/wp-content\/uploads\/2022\/12\/envelope-g6eaea27d2_1280.png","type":"image\/png"}],"author":"boomandsmart","twitter_card":"summary_large_image","twitter_misc":{"Autor":"boomandsmart","Predpokladan\u00fd \u010das \u010d\u00edtania":"1 min\u00fata"},"schema":{"@context":"https:\/\/schema.org","@graph":[{"@type":"Article","@id":"https:\/\/boomandsmart.com\/ziadost-o-zamedzenie-pristupu-sirokej-verejnosti-k-osobnym-udajom-kuv-v-rpvs\/#article","isPartOf":{"@id":"https:\/\/boomandsmart.com\/ziadost-o-zamedzenie-pristupu-sirokej-verejnosti-k-osobnym-udajom-kuv-v-rpvs\/"},"author":{"name":"boomandsmart","@id":"https:\/\/boomandsmart.com\/#\/schema\/person\/45472ee9b9a6b06bc4a90e2e95bc7e34"},"headline":"\u017diados\u0165 o zamedzenie pr\u00edstupu \u0161irokej verejnosti k osobn\u00fdm \u00fadajom K\u00daV v RPVS","datePublished":"2022-12-23T11:08:07+00:00","mainEntityOfPage":{"@id":"https:\/\/boomandsmart.com\/ziadost-o-zamedzenie-pristupu-sirokej-verejnosti-k-osobnym-udajom-kuv-v-rpvs\/"},"wordCount":142,"image":{"@id":"https:\/\/boomandsmart.com\/ziadost-o-zamedzenie-pristupu-sirokej-verejnosti-k-osobnym-udajom-kuv-v-rpvs\/#primaryimage"},"thumbnailUrl":"https:\/\/boomandsmart.com\/wp-content\/uploads\/2022\/12\/envelope-g6eaea27d2_1280.png","articleSection":["Uncategorized @sk"],"inLanguage":"sk-SK"},{"@type":"WebPage","@id":"https:\/\/boomandsmart.com\/ziadost-o-zamedzenie-pristupu-sirokej-verejnosti-k-osobnym-udajom-kuv-v-rpvs\/","url":"https:\/\/boomandsmart.com\/ziadost-o-zamedzenie-pristupu-sirokej-verejnosti-k-osobnym-udajom-kuv-v-rpvs\/","name":"\u017diados\u0165 o zamedzenie pr\u00edstupu \u0161irokej verejnosti k osobn\u00fdm \u00fadajom K\u00daV v RPVS - BOOM &amp; SMART","isPartOf":{"@id":"https:\/\/boomandsmart.com\/#website"},"primaryImageOfPage":{"@id":"https:\/\/boomandsmart.com\/ziadost-o-zamedzenie-pristupu-sirokej-verejnosti-k-osobnym-udajom-kuv-v-rpvs\/#primaryimage"},"image":{"@id":"https:\/\/boomandsmart.com\/ziadost-o-zamedzenie-pristupu-sirokej-verejnosti-k-osobnym-udajom-kuv-v-rpvs\/#primaryimage"},"thumbnailUrl":"https:\/\/boomandsmart.com\/wp-content\/uploads\/2022\/12\/envelope-g6eaea27d2_1280.png","datePublished":"2022-12-23T11:08:07+00:00","author":{"@id":"https:\/\/boomandsmart.com\/#\/schema\/person\/45472ee9b9a6b06bc4a90e2e95bc7e34"},"breadcrumb":{"@id":"https:\/\/boomandsmart.com\/ziadost-o-zamedzenie-pristupu-sirokej-verejnosti-k-osobnym-udajom-kuv-v-rpvs\/#breadcrumb"},"inLanguage":"sk-SK","potentialAction":[{"@type":"ReadAction","target":["https:\/\/boomandsmart.com\/ziadost-o-zamedzenie-pristupu-sirokej-verejnosti-k-osobnym-udajom-kuv-v-rpvs\/"]}]},{"@type":"ImageObject","inLanguage":"sk-SK","@id":"https:\/\/boomandsmart.com\/ziadost-o-zamedzenie-pristupu-sirokej-verejnosti-k-osobnym-udajom-kuv-v-rpvs\/#primaryimage","url":"https:\/\/boomandsmart.com\/wp-content\/uploads\/2022\/12\/envelope-g6eaea27d2_1280.png","contentUrl":"https:\/\/boomandsmart.com\/wp-content\/uploads\/2022\/12\/envelope-g6eaea27d2_1280.png","width":1280,"height":1280},{"@type":"BreadcrumbList","@id":"https:\/\/boomandsmart.com\/ziadost-o-zamedzenie-pristupu-sirokej-verejnosti-k-osobnym-udajom-kuv-v-rpvs\/#breadcrumb","itemListElement":[{"@type":"ListItem","position":1,"name":"Home","item":"https:\/\/boomandsmart.com\/sk\/"},{"@type":"ListItem","position":2,"name":"\u017diados\u0165 o zamedzenie pr\u00edstupu \u0161irokej verejnosti k osobn\u00fdm \u00fadajom K\u00daV v RPVS"}]},{"@type":"WebSite","@id":"https:\/\/boomandsmart.com\/#website","url":"https:\/\/boomandsmart.com\/","name":"BOOM &amp; SMART","description":"","potentialAction":[{"@type":"SearchAction","target":{"@type":"EntryPoint","urlTemplate":"https:\/\/boomandsmart.com\/?s={search_term_string}"},"query-input":{"@type":"PropertyValueSpecification","valueRequired":true,"valueName":"search_term_string"}}],"inLanguage":"sk-SK"},{"@type":"Person","@id":"https:\/\/boomandsmart.com\/#\/schema\/person\/45472ee9b9a6b06bc4a90e2e95bc7e34","name":"boomandsmart","url":"https:\/\/boomandsmart.com\/sk\/author\/boomandsmart\/"}]}},"_links":{"self":[{"href":"https:\/\/boomandsmart.com\/sk\/wp-json\/wp\/v2\/posts\/1328","targetHints":{"allow":["GET"]}}],"collection":[{"href":"https:\/\/boomandsmart.com\/sk\/wp-json\/wp\/v2\/posts"}],"about":[{"href":"https:\/\/boomandsmart.com\/sk\/wp-json\/wp\/v2\/types\/post"}],"author":[{"embeddable":true,"href":"https:\/\/boomandsmart.com\/sk\/wp-json\/wp\/v2\/users\/3"}],"replies":[{"embeddable":true,"href":"https:\/\/boomandsmart.com\/sk\/wp-json\/wp\/v2\/comments?post=1328"}],"version-history":[{"count":0,"href":"https:\/\/boomandsmart.com\/sk\/wp-json\/wp\/v2\/posts\/1328\/revisions"}],"wp:featuredmedia":[{"embeddable":true,"href":"https:\/\/boomandsmart.com\/sk\/wp-json\/wp\/v2\/media\/1330"}],"wp:attachment":[{"href":"https:\/\/boomandsmart.com\/sk\/wp-json\/wp\/v2\/media?parent=1328"}],"wp:term":[{"taxonomy":"category","embeddable":true,"href":"https:\/\/boomandsmart.com\/sk\/wp-json\/wp\/v2\/categories?post=1328"},{"taxonomy":"post_tag","embeddable":true,"href":"https:\/\/boomandsmart.com\/sk\/wp-json\/wp\/v2\/tags?post=1328"}],"curies":[{"name":"wp","href":"https:\/\/api.w.org\/{rel}","templated":true}]}}