{"id":1333,"date":"2022-12-12T09:30:23","date_gmt":"2022-12-12T08:30:23","guid":{"rendered":"https:\/\/boomandsmart.com\/podla-sdeu-nie-je-potrebne-sudne-rozhodnutie-na-uplatnenie-prava-byt-zabudnuty\/"},"modified":"2022-12-12T09:30:23","modified_gmt":"2022-12-12T08:30:23","slug":"podla-sdeu-nie-je-potrebne-sudne-rozhodnutie-na-uplatnenie-prava-byt-zabudnuty","status":"publish","type":"post","link":"https:\/\/boomandsmart.com\/sk\/podla-sdeu-nie-je-potrebne-sudne-rozhodnutie-na-uplatnenie-prava-byt-zabudnuty\/","title":{"rendered":"Pod\u013ea SDE\u00da nie je potrebn\u00e9 s\u00fadne rozhodnutie na uplatnenie pr\u00e1va \u201cby\u0165 zabudnut\u00fd\u201d"},"content":{"rendered":"<p>&nbsp;<\/p>\n<p>Pr\u00e1vo na ochranu osobn\u00fdch \u00fadajov nie je absol\u00fatnym pr\u00e1vom, ale mus\u00ed sa posudzova\u0165 vo vz\u0165ahu k\u00a0jeho funkcii v\u00a0spolo\u010dnosti a\u00a0mus\u00ed by\u0165 vyv\u00e1\u017een\u00e9 s\u00a0ostatn\u00fdmi z\u00e1kladn\u00fdmi pr\u00e1vami, a\u00a0to v\u00a0s\u00falade so z\u00e1sadou proporcionality. Uveden\u00e9 pred nieko\u013ek\u00fdmi d\u0148ami op\u00e4tovne zd\u00f4raznil S\u00fadny dvor E\u00da vo veci C-460\/20, kde proti sebe op\u00e4tovne (u\u017e nieko\u013ek\u00fdkr\u00e1t za pomerne kr\u00e1tku dobu) st\u00e1li \u010dl\u00e1nky 7 a\u00a08 Charty (ochrana s\u00fakromia a\u00a0osobn\u00fdch \u00fadajov) a\u00a0\u010dl\u00e1nok 11 Charty (pr\u00e1vo na inform\u00e1cie).<\/p>\n<p>Ochrana s\u00fakromia jednotlivca bola tentoraz reprezentovan\u00e1 \u010dl\u00e1nkom 17 GDPR, teda pr\u00e1vom na vymazanie (zabudnutie) pod\u013ea V\u0161eobecn\u00e9ho nariadenia o\u00a0ochrane \u00fadajov, pri\u010dom v\u0161ak toto pr\u00e1vo sa neuplatn\u00ed v\u00a0pr\u00edpade pod\u013ea \u010dl. 17 ods. 3 p\u00edsm. a) GDPR, teda pri uplatnen\u00ed pr\u00e1va na slobodu prejavu a\u00a0na inform\u00e1cie.<\/p>\n<p>Skutkovo bola vec pomerne zauj\u00edmav\u00e1. Fyzick\u00e1 osoba (\u017ealobca) mala majetkov\u00fa \u00fa\u010das\u0165 vo viacer\u00fdch obchodn\u00fdch spolo\u010dnostiach, o\u00a0podnikan\u00ed ktor\u00fdch sa za\u010dali na internete objavova\u0165 kritick\u00e9 \u010dl\u00e1nky. Kritika spo\u010d\u00edvala predov\u0161etk\u00fdm v\u00a0mo\u017enej netransparentnosti podnikania \u010di v\u00a0podvodnom konan\u00ed t\u00fdchto podnikate\u013esk\u00fdch subjektov. Tieto kritick\u00e9 \u010dl\u00e1nky v\u0161ak zverej\u0148ovala spolo\u010dnos\u0165, ktor\u00e1 sama \u010delila kritike z\u00a0nekal\u00fdch prakt\u00edk, spo\u010d\u00edvaj\u00facich vo\u00a0zverej\u0148ovan\u00ed negat\u00edvnych \u010dl\u00e1nkov o\u00a0podnikate\u013eoch a\u00a0n\u00e1sledne v\u00a0ponuke, \u017ee za ur\u010dit\u00fa pe\u0148a\u017en\u00fa sumu tieto \u010dl\u00e1nky vyma\u017ee alebo zabr\u00e1ni ich \u010fal\u0161iemu zverejneniu.<\/p>\n<p>Osoby dotknut\u00e9 na pr\u00e1vach obsahom zverejnen\u00fdch \u010dl\u00e1nkov tak po\u017eiadali Google o\u00a0odstr\u00e1nenie odkazov na \u010dl\u00e1nky zo zoznamu v\u00fdsledkov vyh\u013ead\u00e1vania, nako\u013eko obsahuj\u00fa nespr\u00e1vne (nepravdiv\u00e9) tvrdenia. Google \u017eiadosti \u201eprekvapivo\u201c nevyhovel a\u00a0v\u00a0podstate po\u017eiadal o\u00a0predlo\u017eenie d\u00f4kazov o\u00a0nepravdiv\u00fdch skuto\u010dnostiach uveden\u00fdch v\u00a0\u010dl\u00e1nkoch.<\/p>\n<p>S\u00fadny dvor tak posudzoval ot\u00e1zku, \u010di sa m\u00e1 \u010dl\u00e1nok\u00a017 ods.\u00a03 p\u00edsm.\u00a0a) GDPR \u00a0vyklada\u0165 v\u00a0tom zmysle, \u017ee v\u00a0r\u00e1mci vyv\u00e1\u017eenia pr\u00e1v uveden\u00fdch v\u00a0\u010dl. 7 a\u00a08 Charty na jednej strane a\u00a0pr\u00e1v uveden\u00fdch\u00a0v\u00a0\u010dl.\u00a011 a\u00a016 Charty na druhej strane, mus\u00ed osoba po\u017eaduj\u00faca vymazanie odkazov z\u00a0v\u00fdsledkov vyh\u013ead\u00e1vania z\u00a0d\u00f4vodu \u00fadajnej nespr\u00e1vnosti obsahu, na ktor\u00fd odkazuj\u00fa, t\u00fato nespr\u00e1vnos\u0165 preuk\u00e1za\u0165 aspo\u0148 tzv. predbe\u017en\u00fdm rozhodnut\u00edm s\u00fadu.<\/p>\n<p>S\u00fadny dvor sa vyjadril pomerne jednozna\u010dne. Tak\u00e1to osoba (\u017eiadate\u013e\/dotknut\u00e1 osoba\/\u017ealobca) nemus\u00ed pri pod\u00e1van\u00ed \u017eiadosti o\u00a0odstr\u00e1nenie odkazu z\u00a0v\u00fdsledkov vyh\u013ead\u00e1vania disponova\u0165 rozhodnut\u00edm s\u00fadu (ani t\u00fdm o\u00a0predbe\u017ene ot\u00e1zke), v\u00a0ktorom by bola kon\u0161tatovan\u00e1 nespr\u00e1vnos\u0165 (nepravdivos\u0165) obsahu \u010dl\u00e1nkov, na ktor\u00e9 predmetn\u00e9 odkazy \u010ditate\u013ea nasmeruj\u00fa.<\/p>\n<p>S\u00fadny dvor v\u0161ak uviedol, \u017ee osobe, ktor\u00e1 \u017eiada o\u00a0odstr\u00e1nenie odkazu z\u00a0d\u00f4vodu nespr\u00e1vnosti obsahu, na ktor\u00fd vyh\u013ead\u00e1va\u010d odkazuje, <em>\u201eprin\u00e1le\u017e\u00ed preuk\u00e1za\u0165 zjavn\u00fa nespr\u00e1vnos\u0165 inform\u00e1ci\u00ed nach\u00e1dzaj\u00facich sa v\u00a0uvedenom obsahu, alebo aspo\u0148 \u010dasti t\u00fdch inform\u00e1ci\u00ed, ktor\u00fdch d\u00f4le\u017eitos\u0165 nie je s\u00a0oh\u013eadom na cel\u00fd obsah zanedbate\u013en\u00e1. S\u00a0cie\u013eom zabr\u00e1ni\u0165 tomu, aby t\u00e1to osoba zn\u00e1\u0161ala nadmern\u00e9 bremeno, ktor\u00e9 by mohlo naru\u0161i\u0165 potrebn\u00fd \u00fa\u010dinok pr\u00e1va na odstr\u00e1nenie odkazu, v\u0161ak tejto osobe prin\u00e1le\u017e\u00ed poskytn\u00fa\u0165 iba tak\u00e9 d\u00f4kazy, pri ktor\u00fdch je od nej vzh\u013eadom na okolnosti prejedn\u00e1vanej veci mo\u017en\u00e9 primerane po\u017eadova\u0165, aby ich na \u00fa\u010dely preuk\u00e1zania tejto zjavnej nespr\u00e1vnosti zis\u0165ovala. <strong>V\u00a0tejto s\u00favislosti tejto osobe v\u00a0z\u00e1sade nem\u00f4\u017ee by\u0165 u\u017e v\u00a0\u0161t\u00e1diu pred podan\u00edm \u017ealoby ulo\u017een\u00e1 povinnos\u0165, aby na podporu svojej \u017eiadosti o\u00a0odstr\u00e1nenie odkazu podanej poskytovate\u013eovi vyh\u013ead\u00e1va\u010da predlo\u017eila s\u00fadne rozhodnutie vydan\u00e9 proti editorovi predmetnej internetovej str\u00e1nky, a\u00a0to ani v\u00a0podobe rozhodnutia vydan\u00e9ho v\u00a0konan\u00ed o\u00a0nariaden\u00ed predbe\u017en\u00e9ho opatrenia. Ulo\u017eenie takejto povinnosti uvedenej osobe by toti\u017e malo za d\u00f4sledok to, \u017ee by t\u00e1to osoba zn\u00e1\u0161ala neprimeran\u00e9 bremeno.\u201c<\/strong><\/em><\/p>\n<p>Ak \u017eiadate\u013e predlo\u017e\u00ed dostato\u010dn\u00e9 d\u00f4kazy podporuj\u00face jeho tvrdenie o nespr\u00e1vnosti obsahu \u010dl\u00e1nku, prev\u00e1dzkovate\u013e vyh\u013ead\u00e1va\u010da je povinn\u00fd tejto \u017eiadosti o\u00a0odstr\u00e1nenie odkazu vyhovie\u0165.<\/p>\n<p>Z\u00a0rozhodnutia S\u00fadneho dvora tak vypl\u00fdva nasledovn\u00fd z\u00e1ver. <strong>Pri uplatnen\u00ed v\u00fdnimky z\u00a0pr\u00e1va na vymazanie (zabudnutie) pod\u013ea \u010dl\u00e1nku 17 ods. 3 p\u00edsm. a) GDPR, nemo\u017eno pr\u00e1vo na slobodu prejavu a\u00a0na inform\u00e1cie zoh\u013eadni\u0165 (tzn. v\u00fdnimka sa neuplatn\u00ed), ak sa inform\u00e1cie alebo \u010das\u0165 inform\u00e1ci\u00ed v\u00a0\u010dl\u00e1nku uk\u00e1\u017ee ako nepresn\u00e1 alebo nepravdiv\u00e1.<\/strong><\/p>\n<p>Prev\u00e1dzkovate\u013eovi vyh\u013ead\u00e1va\u010da stanovil S\u00fadny dvor e\u0161te jednu povinnos\u0165. A\u00a0s\u00edce, upozorni\u0165 pou\u017e\u00edvate\u013eov internetu na prebiehaj\u00face s\u00fadne alebo spr\u00e1vne konania vo veci \u00fadajnej nepresnosti obsahu, pokia\u013e bol prev\u00e1dzkovate\u013e vyh\u013ead\u00e1va\u010da o\u00a0takomto konan\u00ed informovan\u00fd.<\/p>\n<p>Ak sa v\u00a0\u010dl\u00e1nkoch zobrazuj\u00fa aj miniat\u00fary fotografi\u00ed os\u00f4b, tak\u00e9to zobrazenie m\u00f4\u017ee predstavova\u0165 v\u00fdznamn\u00fd z\u00e1sah do pr\u00e1v t\u00fdchto os\u00f4b, konkr\u00e9tne pr\u00e1va na \u00a0s\u00fakromn\u00fd \u017eivot a na ochranu osobn\u00fdch \u00fadajov. Ak je poskytovate\u013eovi vyh\u013ead\u00e1va\u010da doru\u010den\u00e1 \u017eiados\u0165 o odstr\u00e1nenie odkazov t\u00fdkaj\u00facich sa fotografi\u00ed zobrazen\u00fdch vo forme miniat\u00far, prev\u00e1dzkovate\u013e mus\u00ed zv\u00e1\u017ei\u0165, \u010di je zobrazenie t\u00fdchto fotografi\u00ed nevyhnutn\u00e9 na v\u00fdkon pr\u00e1va na inform\u00e1cie pou\u017e\u00edvate\u013eov internetu, ktor\u00ed maj\u00fa potenci\u00e1lny z\u00e1ujem o pr\u00edstup k t\u00fdmto fotografi\u00e1m.<\/p>\n<p>Cel\u00fd text rozhodnutia je dostupn\u00fd napr\u00edklad <a href=\"https:\/\/curia.europa.eu\/juris\/documents.jsf?num=C-460\/20\">TU<\/a>.<\/p>\n","protected":false},"excerpt":{"rendered":"<p>&nbsp; Pr\u00e1vo na ochranu osobn\u00fdch \u00fadajov nie je absol\u00fatnym pr\u00e1vom, ale mus\u00ed sa posudzova\u0165 vo vz\u0165ahu k\u00a0jeho funkcii v\u00a0spolo\u010dnosti a\u00a0mus\u00ed by\u0165 vyv\u00e1\u017een\u00e9 s\u00a0ostatn\u00fdmi z\u00e1kladn\u00fdmi pr\u00e1vami, a\u00a0to v\u00a0s\u00falade so z\u00e1sadou proporcionality. Uveden\u00e9 pred nieko\u013ek\u00fdmi d\u0148ami op\u00e4tovne zd\u00f4raznil S\u00fadny dvor E\u00da vo veci C-460\/20, kde proti sebe op\u00e4tovne (u\u017e nieko\u013ek\u00fdkr\u00e1t za pomerne kr\u00e1tku dobu) st\u00e1li \u010dl\u00e1nky 7&#8230;<\/p>\n","protected":false},"author":3,"featured_media":1334,"comment_status":"closed","ping_status":"closed","sticky":false,"template":"","format":"standard","meta":{"inline_featured_image":false,"footnotes":""},"categories":[1],"tags":[],"class_list":["post-1333","post","type-post","status-publish","format-standard","has-post-thumbnail","hentry","category-uncategorized-sk"],"yoast_head":"<title>Pod\u013ea SDE\u00da nie je potrebn\u00e9 s\u00fadne rozhodnutie na uplatnenie pr\u00e1va \u201cby\u0165 zabudnut\u00fd\u201d - BOOM &amp; SMART<\/title>\n<meta name=\"robots\" content=\"index, follow, max-snippet:-1, max-image-preview:large, max-video-preview:-1\" \/>\n<link rel=\"canonical\" href=\"https:\/\/boomandsmart.com\/podla-sdeu-nie-je-potrebne-sudne-rozhodnutie-na-uplatnenie-prava-byt-zabudnuty\/\" \/>\n<meta property=\"og:locale\" content=\"sk_SK\" \/>\n<meta property=\"og:type\" content=\"article\" \/>\n<meta property=\"og:title\" content=\"Pod\u013ea SDE\u00da nie je potrebn\u00e9 s\u00fadne rozhodnutie na uplatnenie pr\u00e1va \u201cby\u0165 zabudnut\u00fd\u201d - BOOM &amp; SMART\" \/>\n<meta property=\"og:description\" content=\"&nbsp; Pr\u00e1vo na ochranu osobn\u00fdch \u00fadajov nie je absol\u00fatnym pr\u00e1vom, ale mus\u00ed sa posudzova\u0165 vo vz\u0165ahu k\u00a0jeho funkcii v\u00a0spolo\u010dnosti a\u00a0mus\u00ed by\u0165 vyv\u00e1\u017een\u00e9 s\u00a0ostatn\u00fdmi z\u00e1kladn\u00fdmi pr\u00e1vami, a\u00a0to v\u00a0s\u00falade so z\u00e1sadou proporcionality. Uveden\u00e9 pred nieko\u013ek\u00fdmi d\u0148ami op\u00e4tovne zd\u00f4raznil S\u00fadny dvor E\u00da vo veci C-460\/20, kde proti sebe op\u00e4tovne (u\u017e nieko\u013ek\u00fdkr\u00e1t za pomerne kr\u00e1tku dobu) st\u00e1li \u010dl\u00e1nky 7...\" \/>\n<meta property=\"og:url\" content=\"https:\/\/boomandsmart.com\/podla-sdeu-nie-je-potrebne-sudne-rozhodnutie-na-uplatnenie-prava-byt-zabudnuty\/\" \/>\n<meta property=\"og:site_name\" content=\"BOOM &amp; SMART\" \/>\n<meta property=\"article:published_time\" content=\"2022-12-12T08:30:23+00:00\" \/>\n<meta property=\"og:image\" content=\"https:\/\/boomandsmart.com\/wp-content\/uploads\/2022\/12\/human-g35793d88b_1920.jpg\" \/>\n\t<meta property=\"og:image:width\" content=\"1920\" \/>\n\t<meta property=\"og:image:height\" content=\"1363\" \/>\n\t<meta property=\"og:image:type\" content=\"image\/jpeg\" \/>\n<meta name=\"author\" content=\"boomandsmart\" \/>\n<meta name=\"twitter:card\" content=\"summary_large_image\" \/>\n<meta name=\"twitter:label1\" content=\"Autor\" \/>\n\t<meta name=\"twitter:data1\" content=\"boomandsmart\" \/>\n\t<meta name=\"twitter:label2\" content=\"Predpokladan\u00fd \u010das \u010d\u00edtania\" \/>\n\t<meta name=\"twitter:data2\" content=\"4 min\u00faty\" \/>\n<script type=\"application\/ld+json\" class=\"yoast-schema-graph\">{\"@context\":\"https:\/\/schema.org\",\"@graph\":[{\"@type\":\"Article\",\"@id\":\"https:\/\/boomandsmart.com\/podla-sdeu-nie-je-potrebne-sudne-rozhodnutie-na-uplatnenie-prava-byt-zabudnuty\/#article\",\"isPartOf\":{\"@id\":\"https:\/\/boomandsmart.com\/podla-sdeu-nie-je-potrebne-sudne-rozhodnutie-na-uplatnenie-prava-byt-zabudnuty\/\"},\"author\":{\"name\":\"boomandsmart\",\"@id\":\"https:\/\/boomandsmart.com\/#\/schema\/person\/45472ee9b9a6b06bc4a90e2e95bc7e34\"},\"headline\":\"Pod\u013ea SDE\u00da nie je potrebn\u00e9 s\u00fadne rozhodnutie na uplatnenie pr\u00e1va \u201cby\u0165 zabudnut\u00fd\u201d\",\"datePublished\":\"2022-12-12T08:30:23+00:00\",\"mainEntityOfPage\":{\"@id\":\"https:\/\/boomandsmart.com\/podla-sdeu-nie-je-potrebne-sudne-rozhodnutie-na-uplatnenie-prava-byt-zabudnuty\/\"},\"wordCount\":977,\"image\":{\"@id\":\"https:\/\/boomandsmart.com\/podla-sdeu-nie-je-potrebne-sudne-rozhodnutie-na-uplatnenie-prava-byt-zabudnuty\/#primaryimage\"},\"thumbnailUrl\":\"https:\/\/boomandsmart.com\/wp-content\/uploads\/2022\/12\/human-g35793d88b_1920.jpg\",\"articleSection\":[\"Uncategorized @sk\"],\"inLanguage\":\"sk-SK\"},{\"@type\":\"WebPage\",\"@id\":\"https:\/\/boomandsmart.com\/podla-sdeu-nie-je-potrebne-sudne-rozhodnutie-na-uplatnenie-prava-byt-zabudnuty\/\",\"url\":\"https:\/\/boomandsmart.com\/podla-sdeu-nie-je-potrebne-sudne-rozhodnutie-na-uplatnenie-prava-byt-zabudnuty\/\",\"name\":\"Pod\u013ea SDE\u00da nie je potrebn\u00e9 s\u00fadne rozhodnutie na uplatnenie pr\u00e1va \u201cby\u0165 zabudnut\u00fd\u201d - BOOM &amp; SMART\",\"isPartOf\":{\"@id\":\"https:\/\/boomandsmart.com\/#website\"},\"primaryImageOfPage\":{\"@id\":\"https:\/\/boomandsmart.com\/podla-sdeu-nie-je-potrebne-sudne-rozhodnutie-na-uplatnenie-prava-byt-zabudnuty\/#primaryimage\"},\"image\":{\"@id\":\"https:\/\/boomandsmart.com\/podla-sdeu-nie-je-potrebne-sudne-rozhodnutie-na-uplatnenie-prava-byt-zabudnuty\/#primaryimage\"},\"thumbnailUrl\":\"https:\/\/boomandsmart.com\/wp-content\/uploads\/2022\/12\/human-g35793d88b_1920.jpg\",\"datePublished\":\"2022-12-12T08:30:23+00:00\",\"author\":{\"@id\":\"https:\/\/boomandsmart.com\/#\/schema\/person\/45472ee9b9a6b06bc4a90e2e95bc7e34\"},\"breadcrumb\":{\"@id\":\"https:\/\/boomandsmart.com\/podla-sdeu-nie-je-potrebne-sudne-rozhodnutie-na-uplatnenie-prava-byt-zabudnuty\/#breadcrumb\"},\"inLanguage\":\"sk-SK\",\"potentialAction\":[{\"@type\":\"ReadAction\",\"target\":[\"https:\/\/boomandsmart.com\/podla-sdeu-nie-je-potrebne-sudne-rozhodnutie-na-uplatnenie-prava-byt-zabudnuty\/\"]}]},{\"@type\":\"ImageObject\",\"inLanguage\":\"sk-SK\",\"@id\":\"https:\/\/boomandsmart.com\/podla-sdeu-nie-je-potrebne-sudne-rozhodnutie-na-uplatnenie-prava-byt-zabudnuty\/#primaryimage\",\"url\":\"https:\/\/boomandsmart.com\/wp-content\/uploads\/2022\/12\/human-g35793d88b_1920.jpg\",\"contentUrl\":\"https:\/\/boomandsmart.com\/wp-content\/uploads\/2022\/12\/human-g35793d88b_1920.jpg\",\"width\":1920,\"height\":1363},{\"@type\":\"BreadcrumbList\",\"@id\":\"https:\/\/boomandsmart.com\/podla-sdeu-nie-je-potrebne-sudne-rozhodnutie-na-uplatnenie-prava-byt-zabudnuty\/#breadcrumb\",\"itemListElement\":[{\"@type\":\"ListItem\",\"position\":1,\"name\":\"Home\",\"item\":\"https:\/\/boomandsmart.com\/sk\/\"},{\"@type\":\"ListItem\",\"position\":2,\"name\":\"Pod\u013ea SDE\u00da nie je potrebn\u00e9 s\u00fadne rozhodnutie na uplatnenie pr\u00e1va \u201cby\u0165 zabudnut\u00fd\u201d\"}]},{\"@type\":\"WebSite\",\"@id\":\"https:\/\/boomandsmart.com\/#website\",\"url\":\"https:\/\/boomandsmart.com\/\",\"name\":\"BOOM &amp; SMART\",\"description\":\"\",\"potentialAction\":[{\"@type\":\"SearchAction\",\"target\":{\"@type\":\"EntryPoint\",\"urlTemplate\":\"https:\/\/boomandsmart.com\/?s={search_term_string}\"},\"query-input\":{\"@type\":\"PropertyValueSpecification\",\"valueRequired\":true,\"valueName\":\"search_term_string\"}}],\"inLanguage\":\"sk-SK\"},{\"@type\":\"Person\",\"@id\":\"https:\/\/boomandsmart.com\/#\/schema\/person\/45472ee9b9a6b06bc4a90e2e95bc7e34\",\"name\":\"boomandsmart\",\"url\":\"https:\/\/boomandsmart.com\/sk\/author\/boomandsmart\/\"}]}<\/script>","yoast_head_json":{"title":"Pod\u013ea SDE\u00da nie je potrebn\u00e9 s\u00fadne rozhodnutie na uplatnenie pr\u00e1va \u201cby\u0165 zabudnut\u00fd\u201d - BOOM &amp; SMART","robots":{"index":"index","follow":"follow","max-snippet":"max-snippet:-1","max-image-preview":"max-image-preview:large","max-video-preview":"max-video-preview:-1"},"canonical":"https:\/\/boomandsmart.com\/podla-sdeu-nie-je-potrebne-sudne-rozhodnutie-na-uplatnenie-prava-byt-zabudnuty\/","og_locale":"sk_SK","og_type":"article","og_title":"Pod\u013ea SDE\u00da nie je potrebn\u00e9 s\u00fadne rozhodnutie na uplatnenie pr\u00e1va \u201cby\u0165 zabudnut\u00fd\u201d - BOOM &amp; SMART","og_description":"&nbsp; Pr\u00e1vo na ochranu osobn\u00fdch \u00fadajov nie je absol\u00fatnym pr\u00e1vom, ale mus\u00ed sa posudzova\u0165 vo vz\u0165ahu k\u00a0jeho funkcii v\u00a0spolo\u010dnosti a\u00a0mus\u00ed by\u0165 vyv\u00e1\u017een\u00e9 s\u00a0ostatn\u00fdmi z\u00e1kladn\u00fdmi pr\u00e1vami, a\u00a0to v\u00a0s\u00falade so z\u00e1sadou proporcionality. Uveden\u00e9 pred nieko\u013ek\u00fdmi d\u0148ami op\u00e4tovne zd\u00f4raznil S\u00fadny dvor E\u00da vo veci C-460\/20, kde proti sebe op\u00e4tovne (u\u017e nieko\u013ek\u00fdkr\u00e1t za pomerne kr\u00e1tku dobu) st\u00e1li \u010dl\u00e1nky 7...","og_url":"https:\/\/boomandsmart.com\/podla-sdeu-nie-je-potrebne-sudne-rozhodnutie-na-uplatnenie-prava-byt-zabudnuty\/","og_site_name":"BOOM &amp; SMART","article_published_time":"2022-12-12T08:30:23+00:00","og_image":[{"width":1920,"height":1363,"url":"https:\/\/boomandsmart.com\/wp-content\/uploads\/2022\/12\/human-g35793d88b_1920.jpg","type":"image\/jpeg"}],"author":"boomandsmart","twitter_card":"summary_large_image","twitter_misc":{"Autor":"boomandsmart","Predpokladan\u00fd \u010das \u010d\u00edtania":"4 min\u00faty"},"schema":{"@context":"https:\/\/schema.org","@graph":[{"@type":"Article","@id":"https:\/\/boomandsmart.com\/podla-sdeu-nie-je-potrebne-sudne-rozhodnutie-na-uplatnenie-prava-byt-zabudnuty\/#article","isPartOf":{"@id":"https:\/\/boomandsmart.com\/podla-sdeu-nie-je-potrebne-sudne-rozhodnutie-na-uplatnenie-prava-byt-zabudnuty\/"},"author":{"name":"boomandsmart","@id":"https:\/\/boomandsmart.com\/#\/schema\/person\/45472ee9b9a6b06bc4a90e2e95bc7e34"},"headline":"Pod\u013ea SDE\u00da nie je potrebn\u00e9 s\u00fadne rozhodnutie na uplatnenie pr\u00e1va \u201cby\u0165 zabudnut\u00fd\u201d","datePublished":"2022-12-12T08:30:23+00:00","mainEntityOfPage":{"@id":"https:\/\/boomandsmart.com\/podla-sdeu-nie-je-potrebne-sudne-rozhodnutie-na-uplatnenie-prava-byt-zabudnuty\/"},"wordCount":977,"image":{"@id":"https:\/\/boomandsmart.com\/podla-sdeu-nie-je-potrebne-sudne-rozhodnutie-na-uplatnenie-prava-byt-zabudnuty\/#primaryimage"},"thumbnailUrl":"https:\/\/boomandsmart.com\/wp-content\/uploads\/2022\/12\/human-g35793d88b_1920.jpg","articleSection":["Uncategorized @sk"],"inLanguage":"sk-SK"},{"@type":"WebPage","@id":"https:\/\/boomandsmart.com\/podla-sdeu-nie-je-potrebne-sudne-rozhodnutie-na-uplatnenie-prava-byt-zabudnuty\/","url":"https:\/\/boomandsmart.com\/podla-sdeu-nie-je-potrebne-sudne-rozhodnutie-na-uplatnenie-prava-byt-zabudnuty\/","name":"Pod\u013ea SDE\u00da nie je potrebn\u00e9 s\u00fadne rozhodnutie na uplatnenie pr\u00e1va \u201cby\u0165 zabudnut\u00fd\u201d - BOOM &amp; SMART","isPartOf":{"@id":"https:\/\/boomandsmart.com\/#website"},"primaryImageOfPage":{"@id":"https:\/\/boomandsmart.com\/podla-sdeu-nie-je-potrebne-sudne-rozhodnutie-na-uplatnenie-prava-byt-zabudnuty\/#primaryimage"},"image":{"@id":"https:\/\/boomandsmart.com\/podla-sdeu-nie-je-potrebne-sudne-rozhodnutie-na-uplatnenie-prava-byt-zabudnuty\/#primaryimage"},"thumbnailUrl":"https:\/\/boomandsmart.com\/wp-content\/uploads\/2022\/12\/human-g35793d88b_1920.jpg","datePublished":"2022-12-12T08:30:23+00:00","author":{"@id":"https:\/\/boomandsmart.com\/#\/schema\/person\/45472ee9b9a6b06bc4a90e2e95bc7e34"},"breadcrumb":{"@id":"https:\/\/boomandsmart.com\/podla-sdeu-nie-je-potrebne-sudne-rozhodnutie-na-uplatnenie-prava-byt-zabudnuty\/#breadcrumb"},"inLanguage":"sk-SK","potentialAction":[{"@type":"ReadAction","target":["https:\/\/boomandsmart.com\/podla-sdeu-nie-je-potrebne-sudne-rozhodnutie-na-uplatnenie-prava-byt-zabudnuty\/"]}]},{"@type":"ImageObject","inLanguage":"sk-SK","@id":"https:\/\/boomandsmart.com\/podla-sdeu-nie-je-potrebne-sudne-rozhodnutie-na-uplatnenie-prava-byt-zabudnuty\/#primaryimage","url":"https:\/\/boomandsmart.com\/wp-content\/uploads\/2022\/12\/human-g35793d88b_1920.jpg","contentUrl":"https:\/\/boomandsmart.com\/wp-content\/uploads\/2022\/12\/human-g35793d88b_1920.jpg","width":1920,"height":1363},{"@type":"BreadcrumbList","@id":"https:\/\/boomandsmart.com\/podla-sdeu-nie-je-potrebne-sudne-rozhodnutie-na-uplatnenie-prava-byt-zabudnuty\/#breadcrumb","itemListElement":[{"@type":"ListItem","position":1,"name":"Home","item":"https:\/\/boomandsmart.com\/sk\/"},{"@type":"ListItem","position":2,"name":"Pod\u013ea SDE\u00da nie je potrebn\u00e9 s\u00fadne rozhodnutie na uplatnenie pr\u00e1va \u201cby\u0165 zabudnut\u00fd\u201d"}]},{"@type":"WebSite","@id":"https:\/\/boomandsmart.com\/#website","url":"https:\/\/boomandsmart.com\/","name":"BOOM &amp; SMART","description":"","potentialAction":[{"@type":"SearchAction","target":{"@type":"EntryPoint","urlTemplate":"https:\/\/boomandsmart.com\/?s={search_term_string}"},"query-input":{"@type":"PropertyValueSpecification","valueRequired":true,"valueName":"search_term_string"}}],"inLanguage":"sk-SK"},{"@type":"Person","@id":"https:\/\/boomandsmart.com\/#\/schema\/person\/45472ee9b9a6b06bc4a90e2e95bc7e34","name":"boomandsmart","url":"https:\/\/boomandsmart.com\/sk\/author\/boomandsmart\/"}]}},"_links":{"self":[{"href":"https:\/\/boomandsmart.com\/sk\/wp-json\/wp\/v2\/posts\/1333","targetHints":{"allow":["GET"]}}],"collection":[{"href":"https:\/\/boomandsmart.com\/sk\/wp-json\/wp\/v2\/posts"}],"about":[{"href":"https:\/\/boomandsmart.com\/sk\/wp-json\/wp\/v2\/types\/post"}],"author":[{"embeddable":true,"href":"https:\/\/boomandsmart.com\/sk\/wp-json\/wp\/v2\/users\/3"}],"replies":[{"embeddable":true,"href":"https:\/\/boomandsmart.com\/sk\/wp-json\/wp\/v2\/comments?post=1333"}],"version-history":[{"count":0,"href":"https:\/\/boomandsmart.com\/sk\/wp-json\/wp\/v2\/posts\/1333\/revisions"}],"wp:featuredmedia":[{"embeddable":true,"href":"https:\/\/boomandsmart.com\/sk\/wp-json\/wp\/v2\/media\/1334"}],"wp:attachment":[{"href":"https:\/\/boomandsmart.com\/sk\/wp-json\/wp\/v2\/media?parent=1333"}],"wp:term":[{"taxonomy":"category","embeddable":true,"href":"https:\/\/boomandsmart.com\/sk\/wp-json\/wp\/v2\/categories?post=1333"},{"taxonomy":"post_tag","embeddable":true,"href":"https:\/\/boomandsmart.com\/sk\/wp-json\/wp\/v2\/tags?post=1333"}],"curies":[{"name":"wp","href":"https:\/\/api.w.org\/{rel}","templated":true}]}}