{"id":1349,"date":"2022-09-30T09:43:34","date_gmt":"2022-09-30T07:43:34","guid":{"rendered":"https:\/\/boomandsmart.com\/nepriznanie-naroku-na-vyzivne-otcovi-voci-plnoletej-dcere-pre-rozpor-s-dobrymi-mravmi\/"},"modified":"2022-09-30T09:43:34","modified_gmt":"2022-09-30T07:43:34","slug":"nepriznanie-naroku-na-vyzivne-otcovi-voci-plnoletej-dcere-pre-rozpor-s-dobrymi-mravmi","status":"publish","type":"post","link":"https:\/\/boomandsmart.com\/sk\/nepriznanie-naroku-na-vyzivne-otcovi-voci-plnoletej-dcere-pre-rozpor-s-dobrymi-mravmi\/","title":{"rendered":"Nepriznanie n\u00e1roku na v\u00fd\u017eivn\u00e9 otcovi vo\u010di plnoletej dc\u00e9re pre rozpor s dobr\u00fdmi mravmi"},"content":{"rendered":"<p>&nbsp;<\/p>\n<p>&nbsp;<\/p>\n<p>Kedy je priznanie v\u00fd\u017eivn\u00e9ho otcovi zo strany jeho dc\u00e9ry v\u00a0rozpore s\u00a0dobr\u00fdmi mravmi? Uveden\u00fa ot\u00e1zku zodpoved\u00e1me v\u00a0zmysle z\u00e1verov rozsudku Krajsk\u00e9ho s\u00fadu Nitra sp. zn. 7CoP\/39\/2019 zo d\u0148a 25.06.2020.<\/p>\n<p><strong><em>O\u00a0ak\u00fa skutkov\u00fa situ\u00e1ciu i\u0161lo ? <\/em><\/strong><\/p>\n<p>Otec (ako navrhovate\u013e) si vo\u010di svojej plnoletej dc\u00e9re (ako odporkyni) uplat\u0148oval v\u00fd\u017eivn\u00e9, d\u00f4vodiac, \u017ee je Z\u0164P, m\u00e1 len invalidn\u00fd d\u00f4chodok a pre dlhodobo nepriazniv\u00fd zdravotn\u00fd stav si nie je schopn\u00fd zabezpe\u010di\u0165 prostriedky na primeran\u00fa v\u00fd\u017eivu, pri\u010dom jeho dc\u00e9ra je sebesta\u010dn\u00e1 a schopn\u00e1 vykon\u00e1va\u0165 pr\u00e1cu.<\/p>\n<p><strong><em>Ak\u00e9 skuto\u010dnosti viedli s\u00fadu k\u00a0z\u00e1veru, \u017ee priznanie v\u00fd\u017eivn\u00e9ho otcovi vo\u010di dc\u00e9re boli v\u00a0 rozpore s\u00a0dobr\u00fdmi mravmi ?<\/em><\/strong><\/p>\n<p>Medzi otcom a\u00a0dc\u00e9rou boli vo ve\u013ekej miere naru\u0161en\u00e9 rodinn\u00e9 vz\u0165ahy. Otec nadmerne po\u017e\u00edval alkohol, spr\u00e1val sa k\u00a0dc\u00e9re agres\u00edvne a hrubo, za \u010do mu bola v priestupkovom konan\u00ed ulo\u017een\u00e1 sankcia. Ke\u010f si mal plni\u0165 svoju vy\u017eivovaciu povinnos\u0165 vo\u010di dc\u00e9re, ke\u010f bola neplnolet\u00e1, t\u00fato si opakovane riadne neplnil, \u010do viedlo a\u017e k podaniu trestn\u00fdch ozn\u00e1men\u00ed. Naviac otec si s\u00e1m svoj\u00edm nezodpovedn\u00fdm a\u00a0protipr\u00e1vnym konan\u00edm (sp\u00f4soben\u00edm dopravnej nehody pod vplyvom alkoholu) zapr\u00ed\u010dinil jeho invalidn\u00fd stav.<\/p>\n<p><strong><em>Ako znel verdikt s\u00fadu? <\/em><\/strong><\/p>\n<p>Dc\u00e9ra navrhovate\u013ea nem\u00f4\u017ee nies\u0165 n\u00e1sledky za to, \u017ee navrhovate\u013e si svoj\u00edm nezodpovedn\u00fdm a protipr\u00e1vnym konan\u00edm zapr\u00ed\u010dinil s\u00fa\u010dasn\u00fd invalidn\u00fd stav, pre ktor\u00fd pod\u013ea jeho tvrdenia, nem\u00f4\u017ee vykon\u00e1va\u0165 in\u00fa pr\u00e1cu a jeho jedin\u00fdm pr\u00edjmom je len invalidn\u00fd d\u00f4chodok. Nie je zanedbate\u013en\u00e1 ani skuto\u010dnos\u0165, \u017ee samotn\u00fd navrhovate\u013e (otec) si riadne neplnil vy\u017eivovaciu povinnos\u0165 vo\u010di povinnej (dc\u00e9re) a vulg\u00e1rne jej nad\u00e1val. V\u0161etky tieto skuto\u010dnosti viedli konaj\u00faci s\u00fad k z\u00e1veru, \u017ee priznanie v\u00fd\u017eivn\u00e9ho navrhovate\u013eovi by bolo v rozpore s dobr\u00fdmi mravmi. Z uveden\u00fdch d\u00f4vodov konaj\u00faci s\u00fad n\u00e1vrh navrhovate\u013ea ako ned\u00f4vodn\u00fd zamietol.<\/p>\n","protected":false},"excerpt":{"rendered":"<p>&nbsp; &nbsp; Kedy je priznanie v\u00fd\u017eivn\u00e9ho otcovi zo strany jeho dc\u00e9ry v\u00a0rozpore s\u00a0dobr\u00fdmi mravmi? Uveden\u00fa ot\u00e1zku zodpoved\u00e1me v\u00a0zmysle z\u00e1verov rozsudku Krajsk\u00e9ho s\u00fadu Nitra sp. zn. 7CoP\/39\/2019 zo d\u0148a 25.06.2020. O\u00a0ak\u00fa skutkov\u00fa situ\u00e1ciu i\u0161lo ? Otec (ako navrhovate\u013e) si vo\u010di svojej plnoletej dc\u00e9re (ako odporkyni) uplat\u0148oval v\u00fd\u017eivn\u00e9, d\u00f4vodiac, \u017ee je Z\u0164P, m\u00e1 len invalidn\u00fd d\u00f4chodok a&#8230;<\/p>\n","protected":false},"author":3,"featured_media":1351,"comment_status":"closed","ping_status":"closed","sticky":false,"template":"","format":"standard","meta":{"inline_featured_image":false,"footnotes":""},"categories":[1],"tags":[],"class_list":["post-1349","post","type-post","status-publish","format-standard","has-post-thumbnail","hentry","category-uncategorized-sk"],"yoast_head":"<title>Nepriznanie n\u00e1roku na v\u00fd\u017eivn\u00e9 otcovi vo\u010di plnoletej dc\u00e9re pre rozpor s dobr\u00fdmi mravmi - BOOM &amp; SMART<\/title>\n<meta name=\"robots\" content=\"index, follow, max-snippet:-1, max-image-preview:large, max-video-preview:-1\" \/>\n<link rel=\"canonical\" href=\"https:\/\/boomandsmart.com\/nepriznanie-naroku-na-vyzivne-otcovi-voci-plnoletej-dcere-pre-rozpor-s-dobrymi-mravmi\/\" \/>\n<meta property=\"og:locale\" content=\"sk_SK\" \/>\n<meta property=\"og:type\" content=\"article\" \/>\n<meta property=\"og:title\" content=\"Nepriznanie n\u00e1roku na v\u00fd\u017eivn\u00e9 otcovi vo\u010di plnoletej dc\u00e9re pre rozpor s dobr\u00fdmi mravmi - BOOM &amp; SMART\" \/>\n<meta property=\"og:description\" content=\"&nbsp; &nbsp; Kedy je priznanie v\u00fd\u017eivn\u00e9ho otcovi zo strany jeho dc\u00e9ry v\u00a0rozpore s\u00a0dobr\u00fdmi mravmi? Uveden\u00fa ot\u00e1zku zodpoved\u00e1me v\u00a0zmysle z\u00e1verov rozsudku Krajsk\u00e9ho s\u00fadu Nitra sp. zn. 7CoP\/39\/2019 zo d\u0148a 25.06.2020. O\u00a0ak\u00fa skutkov\u00fa situ\u00e1ciu i\u0161lo ? Otec (ako navrhovate\u013e) si vo\u010di svojej plnoletej dc\u00e9re (ako odporkyni) uplat\u0148oval v\u00fd\u017eivn\u00e9, d\u00f4vodiac, \u017ee je Z\u0164P, m\u00e1 len invalidn\u00fd d\u00f4chodok a...\" \/>\n<meta property=\"og:url\" content=\"https:\/\/boomandsmart.com\/nepriznanie-naroku-na-vyzivne-otcovi-voci-plnoletej-dcere-pre-rozpor-s-dobrymi-mravmi\/\" \/>\n<meta property=\"og:site_name\" content=\"BOOM &amp; SMART\" \/>\n<meta property=\"article:published_time\" content=\"2022-09-30T07:43:34+00:00\" \/>\n<meta property=\"og:image\" content=\"https:\/\/boomandsmart.com\/wp-content\/uploads\/2021\/08\/pexels-pixabay-259100-scaled.jpg\" \/>\n\t<meta property=\"og:image:width\" content=\"2560\" \/>\n\t<meta property=\"og:image:height\" content=\"1636\" \/>\n\t<meta property=\"og:image:type\" content=\"image\/jpeg\" \/>\n<meta name=\"author\" content=\"boomandsmart\" \/>\n<meta name=\"twitter:card\" content=\"summary_large_image\" \/>\n<meta name=\"twitter:label1\" content=\"Autor\" \/>\n\t<meta name=\"twitter:data1\" content=\"boomandsmart\" \/>\n\t<meta name=\"twitter:label2\" content=\"Predpokladan\u00fd \u010das \u010d\u00edtania\" \/>\n\t<meta name=\"twitter:data2\" content=\"2 min\u00faty\" \/>\n<script type=\"application\/ld+json\" class=\"yoast-schema-graph\">{\"@context\":\"https:\/\/schema.org\",\"@graph\":[{\"@type\":\"Article\",\"@id\":\"https:\/\/boomandsmart.com\/nepriznanie-naroku-na-vyzivne-otcovi-voci-plnoletej-dcere-pre-rozpor-s-dobrymi-mravmi\/#article\",\"isPartOf\":{\"@id\":\"https:\/\/boomandsmart.com\/nepriznanie-naroku-na-vyzivne-otcovi-voci-plnoletej-dcere-pre-rozpor-s-dobrymi-mravmi\/\"},\"author\":{\"name\":\"boomandsmart\",\"@id\":\"https:\/\/boomandsmart.com\/#\/schema\/person\/45472ee9b9a6b06bc4a90e2e95bc7e34\"},\"headline\":\"Nepriznanie n\u00e1roku na v\u00fd\u017eivn\u00e9 otcovi vo\u010di plnoletej dc\u00e9re pre rozpor s dobr\u00fdmi mravmi\",\"datePublished\":\"2022-09-30T07:43:34+00:00\",\"mainEntityOfPage\":{\"@id\":\"https:\/\/boomandsmart.com\/nepriznanie-naroku-na-vyzivne-otcovi-voci-plnoletej-dcere-pre-rozpor-s-dobrymi-mravmi\/\"},\"wordCount\":378,\"image\":{\"@id\":\"https:\/\/boomandsmart.com\/nepriznanie-naroku-na-vyzivne-otcovi-voci-plnoletej-dcere-pre-rozpor-s-dobrymi-mravmi\/#primaryimage\"},\"thumbnailUrl\":\"https:\/\/boomandsmart.com\/wp-content\/uploads\/2021\/08\/pexels-pixabay-259100-scaled.jpg\",\"articleSection\":[\"Uncategorized @sk\"],\"inLanguage\":\"sk-SK\"},{\"@type\":\"WebPage\",\"@id\":\"https:\/\/boomandsmart.com\/nepriznanie-naroku-na-vyzivne-otcovi-voci-plnoletej-dcere-pre-rozpor-s-dobrymi-mravmi\/\",\"url\":\"https:\/\/boomandsmart.com\/nepriznanie-naroku-na-vyzivne-otcovi-voci-plnoletej-dcere-pre-rozpor-s-dobrymi-mravmi\/\",\"name\":\"Nepriznanie n\u00e1roku na v\u00fd\u017eivn\u00e9 otcovi vo\u010di plnoletej dc\u00e9re pre rozpor s dobr\u00fdmi mravmi - BOOM &amp; SMART\",\"isPartOf\":{\"@id\":\"https:\/\/boomandsmart.com\/#website\"},\"primaryImageOfPage\":{\"@id\":\"https:\/\/boomandsmart.com\/nepriznanie-naroku-na-vyzivne-otcovi-voci-plnoletej-dcere-pre-rozpor-s-dobrymi-mravmi\/#primaryimage\"},\"image\":{\"@id\":\"https:\/\/boomandsmart.com\/nepriznanie-naroku-na-vyzivne-otcovi-voci-plnoletej-dcere-pre-rozpor-s-dobrymi-mravmi\/#primaryimage\"},\"thumbnailUrl\":\"https:\/\/boomandsmart.com\/wp-content\/uploads\/2021\/08\/pexels-pixabay-259100-scaled.jpg\",\"datePublished\":\"2022-09-30T07:43:34+00:00\",\"author\":{\"@id\":\"https:\/\/boomandsmart.com\/#\/schema\/person\/45472ee9b9a6b06bc4a90e2e95bc7e34\"},\"breadcrumb\":{\"@id\":\"https:\/\/boomandsmart.com\/nepriznanie-naroku-na-vyzivne-otcovi-voci-plnoletej-dcere-pre-rozpor-s-dobrymi-mravmi\/#breadcrumb\"},\"inLanguage\":\"sk-SK\",\"potentialAction\":[{\"@type\":\"ReadAction\",\"target\":[\"https:\/\/boomandsmart.com\/nepriznanie-naroku-na-vyzivne-otcovi-voci-plnoletej-dcere-pre-rozpor-s-dobrymi-mravmi\/\"]}]},{\"@type\":\"ImageObject\",\"inLanguage\":\"sk-SK\",\"@id\":\"https:\/\/boomandsmart.com\/nepriznanie-naroku-na-vyzivne-otcovi-voci-plnoletej-dcere-pre-rozpor-s-dobrymi-mravmi\/#primaryimage\",\"url\":\"https:\/\/boomandsmart.com\/wp-content\/uploads\/2021\/08\/pexels-pixabay-259100-scaled.jpg\",\"contentUrl\":\"https:\/\/boomandsmart.com\/wp-content\/uploads\/2021\/08\/pexels-pixabay-259100-scaled.jpg\",\"width\":2560,\"height\":1636},{\"@type\":\"BreadcrumbList\",\"@id\":\"https:\/\/boomandsmart.com\/nepriznanie-naroku-na-vyzivne-otcovi-voci-plnoletej-dcere-pre-rozpor-s-dobrymi-mravmi\/#breadcrumb\",\"itemListElement\":[{\"@type\":\"ListItem\",\"position\":1,\"name\":\"Home\",\"item\":\"https:\/\/boomandsmart.com\/sk\/\"},{\"@type\":\"ListItem\",\"position\":2,\"name\":\"Nepriznanie n\u00e1roku na v\u00fd\u017eivn\u00e9 otcovi vo\u010di plnoletej dc\u00e9re pre rozpor s dobr\u00fdmi mravmi\"}]},{\"@type\":\"WebSite\",\"@id\":\"https:\/\/boomandsmart.com\/#website\",\"url\":\"https:\/\/boomandsmart.com\/\",\"name\":\"BOOM &amp; SMART\",\"description\":\"\",\"potentialAction\":[{\"@type\":\"SearchAction\",\"target\":{\"@type\":\"EntryPoint\",\"urlTemplate\":\"https:\/\/boomandsmart.com\/?s={search_term_string}\"},\"query-input\":{\"@type\":\"PropertyValueSpecification\",\"valueRequired\":true,\"valueName\":\"search_term_string\"}}],\"inLanguage\":\"sk-SK\"},{\"@type\":\"Person\",\"@id\":\"https:\/\/boomandsmart.com\/#\/schema\/person\/45472ee9b9a6b06bc4a90e2e95bc7e34\",\"name\":\"boomandsmart\",\"url\":\"https:\/\/boomandsmart.com\/sk\/author\/boomandsmart\/\"}]}<\/script>","yoast_head_json":{"title":"Nepriznanie n\u00e1roku na v\u00fd\u017eivn\u00e9 otcovi vo\u010di plnoletej dc\u00e9re pre rozpor s dobr\u00fdmi mravmi - BOOM &amp; SMART","robots":{"index":"index","follow":"follow","max-snippet":"max-snippet:-1","max-image-preview":"max-image-preview:large","max-video-preview":"max-video-preview:-1"},"canonical":"https:\/\/boomandsmart.com\/nepriznanie-naroku-na-vyzivne-otcovi-voci-plnoletej-dcere-pre-rozpor-s-dobrymi-mravmi\/","og_locale":"sk_SK","og_type":"article","og_title":"Nepriznanie n\u00e1roku na v\u00fd\u017eivn\u00e9 otcovi vo\u010di plnoletej dc\u00e9re pre rozpor s dobr\u00fdmi mravmi - BOOM &amp; SMART","og_description":"&nbsp; &nbsp; Kedy je priznanie v\u00fd\u017eivn\u00e9ho otcovi zo strany jeho dc\u00e9ry v\u00a0rozpore s\u00a0dobr\u00fdmi mravmi? Uveden\u00fa ot\u00e1zku zodpoved\u00e1me v\u00a0zmysle z\u00e1verov rozsudku Krajsk\u00e9ho s\u00fadu Nitra sp. zn. 7CoP\/39\/2019 zo d\u0148a 25.06.2020. O\u00a0ak\u00fa skutkov\u00fa situ\u00e1ciu i\u0161lo ? Otec (ako navrhovate\u013e) si vo\u010di svojej plnoletej dc\u00e9re (ako odporkyni) uplat\u0148oval v\u00fd\u017eivn\u00e9, d\u00f4vodiac, \u017ee je Z\u0164P, m\u00e1 len invalidn\u00fd d\u00f4chodok a...","og_url":"https:\/\/boomandsmart.com\/nepriznanie-naroku-na-vyzivne-otcovi-voci-plnoletej-dcere-pre-rozpor-s-dobrymi-mravmi\/","og_site_name":"BOOM &amp; SMART","article_published_time":"2022-09-30T07:43:34+00:00","og_image":[{"width":2560,"height":1636,"url":"https:\/\/boomandsmart.com\/wp-content\/uploads\/2021\/08\/pexels-pixabay-259100-scaled.jpg","type":"image\/jpeg"}],"author":"boomandsmart","twitter_card":"summary_large_image","twitter_misc":{"Autor":"boomandsmart","Predpokladan\u00fd \u010das \u010d\u00edtania":"2 min\u00faty"},"schema":{"@context":"https:\/\/schema.org","@graph":[{"@type":"Article","@id":"https:\/\/boomandsmart.com\/nepriznanie-naroku-na-vyzivne-otcovi-voci-plnoletej-dcere-pre-rozpor-s-dobrymi-mravmi\/#article","isPartOf":{"@id":"https:\/\/boomandsmart.com\/nepriznanie-naroku-na-vyzivne-otcovi-voci-plnoletej-dcere-pre-rozpor-s-dobrymi-mravmi\/"},"author":{"name":"boomandsmart","@id":"https:\/\/boomandsmart.com\/#\/schema\/person\/45472ee9b9a6b06bc4a90e2e95bc7e34"},"headline":"Nepriznanie n\u00e1roku na v\u00fd\u017eivn\u00e9 otcovi vo\u010di plnoletej dc\u00e9re pre rozpor s dobr\u00fdmi mravmi","datePublished":"2022-09-30T07:43:34+00:00","mainEntityOfPage":{"@id":"https:\/\/boomandsmart.com\/nepriznanie-naroku-na-vyzivne-otcovi-voci-plnoletej-dcere-pre-rozpor-s-dobrymi-mravmi\/"},"wordCount":378,"image":{"@id":"https:\/\/boomandsmart.com\/nepriznanie-naroku-na-vyzivne-otcovi-voci-plnoletej-dcere-pre-rozpor-s-dobrymi-mravmi\/#primaryimage"},"thumbnailUrl":"https:\/\/boomandsmart.com\/wp-content\/uploads\/2021\/08\/pexels-pixabay-259100-scaled.jpg","articleSection":["Uncategorized @sk"],"inLanguage":"sk-SK"},{"@type":"WebPage","@id":"https:\/\/boomandsmart.com\/nepriznanie-naroku-na-vyzivne-otcovi-voci-plnoletej-dcere-pre-rozpor-s-dobrymi-mravmi\/","url":"https:\/\/boomandsmart.com\/nepriznanie-naroku-na-vyzivne-otcovi-voci-plnoletej-dcere-pre-rozpor-s-dobrymi-mravmi\/","name":"Nepriznanie n\u00e1roku na v\u00fd\u017eivn\u00e9 otcovi vo\u010di plnoletej dc\u00e9re pre rozpor s dobr\u00fdmi mravmi - BOOM &amp; SMART","isPartOf":{"@id":"https:\/\/boomandsmart.com\/#website"},"primaryImageOfPage":{"@id":"https:\/\/boomandsmart.com\/nepriznanie-naroku-na-vyzivne-otcovi-voci-plnoletej-dcere-pre-rozpor-s-dobrymi-mravmi\/#primaryimage"},"image":{"@id":"https:\/\/boomandsmart.com\/nepriznanie-naroku-na-vyzivne-otcovi-voci-plnoletej-dcere-pre-rozpor-s-dobrymi-mravmi\/#primaryimage"},"thumbnailUrl":"https:\/\/boomandsmart.com\/wp-content\/uploads\/2021\/08\/pexels-pixabay-259100-scaled.jpg","datePublished":"2022-09-30T07:43:34+00:00","author":{"@id":"https:\/\/boomandsmart.com\/#\/schema\/person\/45472ee9b9a6b06bc4a90e2e95bc7e34"},"breadcrumb":{"@id":"https:\/\/boomandsmart.com\/nepriznanie-naroku-na-vyzivne-otcovi-voci-plnoletej-dcere-pre-rozpor-s-dobrymi-mravmi\/#breadcrumb"},"inLanguage":"sk-SK","potentialAction":[{"@type":"ReadAction","target":["https:\/\/boomandsmart.com\/nepriznanie-naroku-na-vyzivne-otcovi-voci-plnoletej-dcere-pre-rozpor-s-dobrymi-mravmi\/"]}]},{"@type":"ImageObject","inLanguage":"sk-SK","@id":"https:\/\/boomandsmart.com\/nepriznanie-naroku-na-vyzivne-otcovi-voci-plnoletej-dcere-pre-rozpor-s-dobrymi-mravmi\/#primaryimage","url":"https:\/\/boomandsmart.com\/wp-content\/uploads\/2021\/08\/pexels-pixabay-259100-scaled.jpg","contentUrl":"https:\/\/boomandsmart.com\/wp-content\/uploads\/2021\/08\/pexels-pixabay-259100-scaled.jpg","width":2560,"height":1636},{"@type":"BreadcrumbList","@id":"https:\/\/boomandsmart.com\/nepriznanie-naroku-na-vyzivne-otcovi-voci-plnoletej-dcere-pre-rozpor-s-dobrymi-mravmi\/#breadcrumb","itemListElement":[{"@type":"ListItem","position":1,"name":"Home","item":"https:\/\/boomandsmart.com\/sk\/"},{"@type":"ListItem","position":2,"name":"Nepriznanie n\u00e1roku na v\u00fd\u017eivn\u00e9 otcovi vo\u010di plnoletej dc\u00e9re pre rozpor s dobr\u00fdmi mravmi"}]},{"@type":"WebSite","@id":"https:\/\/boomandsmart.com\/#website","url":"https:\/\/boomandsmart.com\/","name":"BOOM &amp; SMART","description":"","potentialAction":[{"@type":"SearchAction","target":{"@type":"EntryPoint","urlTemplate":"https:\/\/boomandsmart.com\/?s={search_term_string}"},"query-input":{"@type":"PropertyValueSpecification","valueRequired":true,"valueName":"search_term_string"}}],"inLanguage":"sk-SK"},{"@type":"Person","@id":"https:\/\/boomandsmart.com\/#\/schema\/person\/45472ee9b9a6b06bc4a90e2e95bc7e34","name":"boomandsmart","url":"https:\/\/boomandsmart.com\/sk\/author\/boomandsmart\/"}]}},"_links":{"self":[{"href":"https:\/\/boomandsmart.com\/sk\/wp-json\/wp\/v2\/posts\/1349","targetHints":{"allow":["GET"]}}],"collection":[{"href":"https:\/\/boomandsmart.com\/sk\/wp-json\/wp\/v2\/posts"}],"about":[{"href":"https:\/\/boomandsmart.com\/sk\/wp-json\/wp\/v2\/types\/post"}],"author":[{"embeddable":true,"href":"https:\/\/boomandsmart.com\/sk\/wp-json\/wp\/v2\/users\/3"}],"replies":[{"embeddable":true,"href":"https:\/\/boomandsmart.com\/sk\/wp-json\/wp\/v2\/comments?post=1349"}],"version-history":[{"count":0,"href":"https:\/\/boomandsmart.com\/sk\/wp-json\/wp\/v2\/posts\/1349\/revisions"}],"wp:featuredmedia":[{"embeddable":true,"href":"https:\/\/boomandsmart.com\/sk\/wp-json\/wp\/v2\/media\/1351"}],"wp:attachment":[{"href":"https:\/\/boomandsmart.com\/sk\/wp-json\/wp\/v2\/media?parent=1349"}],"wp:term":[{"taxonomy":"category","embeddable":true,"href":"https:\/\/boomandsmart.com\/sk\/wp-json\/wp\/v2\/categories?post=1349"},{"taxonomy":"post_tag","embeddable":true,"href":"https:\/\/boomandsmart.com\/sk\/wp-json\/wp\/v2\/tags?post=1349"}],"curies":[{"name":"wp","href":"https:\/\/api.w.org\/{rel}","templated":true}]}}