{"id":1374,"date":"2022-04-12T10:11:54","date_gmt":"2022-04-12T08:11:54","guid":{"rendered":"https:\/\/boomandsmart.com\/diferenciacia-rodnych-cisel-na-muzske-a-zenske-nie-je-diskriminacna\/"},"modified":"2022-04-12T10:11:54","modified_gmt":"2022-04-12T08:11:54","slug":"diferenciacia-rodnych-cisel-na-muzske-a-zenske-nie-je-diskriminacna","status":"publish","type":"post","link":"https:\/\/boomandsmart.com\/sk\/diferenciacia-rodnych-cisel-na-muzske-a-zenske-nie-je-diskriminacna\/","title":{"rendered":"Diferenci\u00e1cia rodn\u00fdch \u010d\u00edsel na mu\u017esk\u00e9 a \u017eensk\u00e9 nie je diskrimina\u010dn\u00e1"},"content":{"rendered":"<p>&nbsp;<\/p>\n<p>Z\u00a0pr\u00e1vnej defin\u00edcie rodn\u00e9ho \u010d\u00edsla vypl\u00fdva, \u017ee jeho druh\u00e9 dvoj\u010d\u00edslie vyjadruje \u010d\u00edseln\u00e9 ozna\u010denie mesiaca narodenia osoby, ktor\u00e9 je u\u00a0\u017eien zv\u00fd\u0161en\u00e9 o\u00a050. \u00dastavn\u00fd s\u00fad \u010ceskej republiky posudzoval, \u010di tak\u00e9to vyjadrenie rodn\u00e9ho \u010d\u00edsla nie je v\u00a0rozpore s\u00a0\u00fastavou, predov\u0161etk\u00fdm \u010di nie je diskrimina\u010dn\u00e9. Pl\u00e9num \u00daS \u010cR d\u0148a 31.3.2022 rozhodlo, \u017ee diferenci\u00e1cia rodn\u00fdch \u010d\u00edsel na mu\u017esk\u00e9 a\u00a0\u017eensk\u00e9, pri\u010dom \u017eensk\u00e9 je z\u00e1rove\u0148 zv\u00fd\u0161en\u00e9 o\u00a050, <strong>je v\u00a0s\u00falade s\u00a0\u00fastavou<\/strong>.<\/p>\n<p>Na \u00fastavn\u00fd s\u00fad sa obr\u00e1til navrhovate\u013e, ktor\u00fd sa narodil ako mu\u017e, av\u0161ak nec\u00edtil sa by\u0165 ani mu\u017eom, ani \u017eenou. Prostredn\u00edctvom svojho n\u00e1vrhu sa ako \u201enebin\u00e1rna osoba\u201c dom\u00e1hal pr\u00e1va na \u201eneutr\u00e1lny\u201c tvar rodn\u00e9ho \u010d\u00edsla. Okrem in\u00e9ho navrhovate\u013e argumentoval aj t\u00fdm, \u017ee:<\/p>\n<ul>\n<li>pohlavie, ktor\u00e9 je mo\u017en\u00e9 odvodi\u0165 z\u00a0rodn\u00e9ho \u010d\u00edsla, nemus\u00ed v\u017edy odpoveda\u0165 pohlaviu, s\u00a0ktor\u00fdm sa \u010dlovek vn\u00fatorne identifikuje,<\/li>\n<li>ka\u017ed\u00fd m\u00e1 pr\u00e1vo na re\u0161pekt k\u00a0pohlavnej sebaidentifik\u00e1cii ako s\u00fa\u010dasti pr\u00e1va na sebaur\u010denie pod\u013ea \u010dl. 7 Listiny z\u00e1kladn\u00fdch pr\u00e1v a\u00a0slob\u00f4d,<\/li>\n<li>pr\u00e1vo na sebaur\u010denie v\u00a0sebe zah\u0155\u0148a aj pr\u00e1vo navonok prejavova\u0165 svoju pohlavn\u00fa identitu.<\/li>\n<\/ul>\n<p>Ako kon\u0161tatoval \u00fastavn\u00fd s\u00fad, <em>\u201e<strong>inform\u00e1cia o\u00a0pohlav\u00ed \u010dloveka, ktor\u00fa je mo\u017en\u00e9 odvodi\u0165 z\u00a0rodn\u00e9ho \u010d\u00edsla, zodpoved\u00e1 pohlaviu \u00faradn\u00e9mu (priraden\u00e9mu pri naroden\u00ed) a\u00a0o\u00a0vn\u00fatorn\u00fdch pocitoch \u010dloveka nevypoved\u00e1 v\u00f4bec ni\u010d<\/strong>. &#8230; T\u00fdm, \u017ee \u0161t\u00e1t v\u00a0rodnom \u010d\u00edsle ur\u010dit\u00fdm sp\u00f4sobom zachyt\u00e1va inform\u00e1ciu o\u00a0pohlav\u00ed jednotlivca, nijako nepredur\u010duje, ak\u00fdm sp\u00f4sobom na seba nahliada s\u00e1m jednotlivec.\u201c<\/em><\/p>\n<p>\u00dastavn\u00fd s\u00fad \u010falej pouk\u00e1zal na pr\u00edpady, kedy je rozli\u0161ovanie medzi mu\u017emi a\u00a0\u017eenami vyslovene \u017eiad\u00face. Napr\u00edklad pod\u013ea \u010d. 29 Listiny, \u017eeny, mladistv\u00ed a\u00a0zdravotne postihnut\u00e9 osoby maj\u00fa pr\u00e1vo na zv\u00fd\u0161en\u00fa ochranu zdravia pri pr\u00e1ci a\u00a0tomu zodpovedaj\u00face osobitn\u00e9 pracovn\u00e9 podmienky. Rovnako tak pod\u013ea pravidiel ob\u010dianskeho a\u00a0rodinn\u00e9ho pr\u00e1va, man\u017eelstvo je definovan\u00e9 ako trval\u00fd zv\u00e4zok mu\u017ea a\u00a0\u017eeny. V\u00fdnimkou nie s\u00fa ani \u0161portov\u00e9 s\u00fa\u0165a\u017ee, ktor\u00e9 m\u00f4\u017eu by\u0165 usporiadan\u00e9 v\u00fdhradne pre \u017eeny, \u010di existencia oddelen\u00fdch \u0161atn\u00ed \u010di toaliet.<\/p>\n<p>V\u00a0kontexte vy\u0161\u0161ie uveden\u00e9ho \u00fastavn\u00fd s\u00fad \u010falej v\u00a0bode 49 kon\u0161tatoval:<\/p>\n<p><em>\u201eAk \u00dastavn\u00fd s\u00fad dospel k z\u00e1veru, \u017ee \u00fastavn\u00e9mu poriadku neodporuje, ak rodn\u00e9 \u010d\u00edslo obsahuje inform\u00e1ciu o\u00a0pohlav\u00ed jeho nosite\u013ea, urobil tak okrem in\u00e9ho preto, \u017ee t\u00e1to inform\u00e1cia m\u00f4\u017ee by\u0165 v ur\u010dit\u00fdch pr\u00edpadoch potrebn\u00e1 z h\u013eadiska plnenia funkci\u00ed \u0161t\u00e1tu. A\u00a0potrebn\u00e1 je pr\u00e1ve t\u00e1 inform\u00e1cia o pohlav\u00ed, ktor\u00fa \u0161t\u00e1t eviduje a ktor\u00e1 vych\u00e1dza zo v\u0161eobecne ch\u00e1pan\u00e9ho v\u00fdznamu pohlavia v \u010ceskej republike. Vy\u0161\u0161ie uveden\u00e9 pr\u00edklady, v ktor\u00fdch je medzi mu\u017emi a \u017eenami pr\u00e1vne \u010di fakticky roben\u00fd rozdiel, to n\u00e1zorne ukazuj\u00fa. V\u0161etky uveden\u00e9 pr\u00edklady rozli\u0161ovania mu\u017eov a \u017eien maj\u00fa svoj d\u00f4vod a svoj p\u00f4vod <strong>v odli\u0161n\u00fdch biologick\u00fdch charakteristik\u00e1ch mu\u017eov a \u017eien, od ktor\u00fdch sa ur\u010duje pohlavie a pre ktor\u00e9 sa rozli\u0161ovanie medzi mu\u017emi a \u017eenami m\u00f4\u017ee v niektor\u00fdch pr\u00edpadoch javi\u0165 \u017eiaduce alebo nevyhnutn\u00e9. Rozli\u0161ovanie pohlavia v rodnom \u010d\u00edsle na t\u00fato pr\u00e1vnu realitu, a nepriamo aj realitu spolo\u010densk\u00fa, nadv\u00e4zuje.\u201c<\/strong><\/em><\/p>\n<p>\u00dastavn\u00fd s\u00fad e\u0161te skon\u0161tatoval, \u017ee navrhovate\u013e si ani s\u00e1m nie je ist\u00fd, \u010doho sa vlastne dom\u00e1ha. V\u00a0petite \u00fastavnej s\u0165a\u017enosti toti\u017e okrem in\u00e9ho po\u017eadoval, aby \u00fastavn\u00fd s\u00fad zru\u0161il \u017eensk\u00fd tvar rodn\u00e9ho \u010d\u00edsla a\u00a0prin\u00fatil spr\u00e1vne org\u00e1ny zmeni\u0165 navrhovate\u013eove rodn\u00e9 \u010d\u00edslo z \u201emu\u017esk\u00e9ho\u201c na \u201eneutr\u00e1lne\u201c. Ako skon\u0161tatoval \u00fastavn\u00fd s\u00fad, <em>\u201epod\u013ea navrhovate\u013ea by tak mal existova\u0165 \u201emu\u017esk\u00fd\u201c tvar rodn\u00e9ho \u010d\u00edsla a\u00a0\u201eneutr\u00e1lny\u201c tvar rodn\u00e9ho \u010d\u00edsla, av\u0161ak \u201e\u017eensk\u00fd\u201c tvar rodn\u00e9ho \u010d\u00edsla by ako ne\u00fastavn\u00fd existova\u0165 nemal\u201c. <\/em><\/p>\n<p>Aj z uveden\u00fdch d\u00f4vodov preto \u00dastavn\u00fd s\u00fad \u010cR n\u00e1lezom sp. zn. Pl. \u00daS 2\/20 n\u00e1vrh odmietol.<\/p>\n<p>&nbsp;<\/p>\n<p>N\u00e1lez \u00daS \u010cR je dostupn\u00fd napr\u00edklad <a href=\"https:\/\/www.usoud.cz\/fileadmin\/user_upload\/Tiskova_mluvci\/Publikovane_nalezy\/2022\/Pl._US_2_20_vcetne_disentu.pdf\">tu.<\/a><\/p>\n","protected":false},"excerpt":{"rendered":"<p>&nbsp; Z\u00a0pr\u00e1vnej defin\u00edcie rodn\u00e9ho \u010d\u00edsla vypl\u00fdva, \u017ee jeho druh\u00e9 dvoj\u010d\u00edslie vyjadruje \u010d\u00edseln\u00e9 ozna\u010denie mesiaca narodenia osoby, ktor\u00e9 je u\u00a0\u017eien zv\u00fd\u0161en\u00e9 o\u00a050. \u00dastavn\u00fd s\u00fad \u010ceskej republiky posudzoval, \u010di tak\u00e9to vyjadrenie rodn\u00e9ho \u010d\u00edsla nie je v\u00a0rozpore s\u00a0\u00fastavou, predov\u0161etk\u00fdm \u010di nie je diskrimina\u010dn\u00e9. Pl\u00e9num \u00daS \u010cR d\u0148a 31.3.2022 rozhodlo, \u017ee diferenci\u00e1cia rodn\u00fdch \u010d\u00edsel na mu\u017esk\u00e9 a\u00a0\u017eensk\u00e9, pri\u010dom \u017eensk\u00e9&#8230;<\/p>\n","protected":false},"author":3,"featured_media":1375,"comment_status":"closed","ping_status":"closed","sticky":false,"template":"","format":"standard","meta":{"inline_featured_image":false,"footnotes":""},"categories":[1],"tags":[],"class_list":["post-1374","post","type-post","status-publish","format-standard","has-post-thumbnail","hentry","category-uncategorized-sk"],"yoast_head":"<title>Diferenci\u00e1cia rodn\u00fdch \u010d\u00edsel na mu\u017esk\u00e9 a \u017eensk\u00e9 nie je diskrimina\u010dn\u00e1 - BOOM &amp; SMART<\/title>\n<meta name=\"robots\" content=\"index, follow, max-snippet:-1, max-image-preview:large, max-video-preview:-1\" \/>\n<link rel=\"canonical\" href=\"https:\/\/boomandsmart.com\/diferenciacia-rodnych-cisel-na-muzske-a-zenske-nie-je-diskriminacna\/\" \/>\n<meta property=\"og:locale\" content=\"sk_SK\" \/>\n<meta property=\"og:type\" content=\"article\" \/>\n<meta property=\"og:title\" content=\"Diferenci\u00e1cia rodn\u00fdch \u010d\u00edsel na mu\u017esk\u00e9 a \u017eensk\u00e9 nie je diskrimina\u010dn\u00e1 - BOOM &amp; SMART\" \/>\n<meta property=\"og:description\" content=\"&nbsp; Z\u00a0pr\u00e1vnej defin\u00edcie rodn\u00e9ho \u010d\u00edsla vypl\u00fdva, \u017ee jeho druh\u00e9 dvoj\u010d\u00edslie vyjadruje \u010d\u00edseln\u00e9 ozna\u010denie mesiaca narodenia osoby, ktor\u00e9 je u\u00a0\u017eien zv\u00fd\u0161en\u00e9 o\u00a050. \u00dastavn\u00fd s\u00fad \u010ceskej republiky posudzoval, \u010di tak\u00e9to vyjadrenie rodn\u00e9ho \u010d\u00edsla nie je v\u00a0rozpore s\u00a0\u00fastavou, predov\u0161etk\u00fdm \u010di nie je diskrimina\u010dn\u00e9. Pl\u00e9num \u00daS \u010cR d\u0148a 31.3.2022 rozhodlo, \u017ee diferenci\u00e1cia rodn\u00fdch \u010d\u00edsel na mu\u017esk\u00e9 a\u00a0\u017eensk\u00e9, pri\u010dom \u017eensk\u00e9...\" \/>\n<meta property=\"og:url\" content=\"https:\/\/boomandsmart.com\/diferenciacia-rodnych-cisel-na-muzske-a-zenske-nie-je-diskriminacna\/\" \/>\n<meta property=\"og:site_name\" content=\"BOOM &amp; SMART\" \/>\n<meta property=\"article:published_time\" content=\"2022-04-12T08:11:54+00:00\" \/>\n<meta property=\"og:image\" content=\"https:\/\/boomandsmart.com\/wp-content\/uploads\/2022\/04\/gender-g181a8970c_1280.png\" \/>\n\t<meta property=\"og:image:width\" content=\"1280\" \/>\n\t<meta property=\"og:image:height\" content=\"1023\" \/>\n\t<meta property=\"og:image:type\" content=\"image\/png\" \/>\n<meta name=\"author\" content=\"boomandsmart\" \/>\n<meta name=\"twitter:card\" content=\"summary_large_image\" \/>\n<meta name=\"twitter:label1\" content=\"Autor\" \/>\n\t<meta name=\"twitter:data1\" content=\"boomandsmart\" \/>\n\t<meta name=\"twitter:label2\" content=\"Predpokladan\u00fd \u010das \u010d\u00edtania\" \/>\n\t<meta name=\"twitter:data2\" content=\"3 min\u00faty\" \/>\n<script type=\"application\/ld+json\" class=\"yoast-schema-graph\">{\"@context\":\"https:\/\/schema.org\",\"@graph\":[{\"@type\":\"Article\",\"@id\":\"https:\/\/boomandsmart.com\/diferenciacia-rodnych-cisel-na-muzske-a-zenske-nie-je-diskriminacna\/#article\",\"isPartOf\":{\"@id\":\"https:\/\/boomandsmart.com\/diferenciacia-rodnych-cisel-na-muzske-a-zenske-nie-je-diskriminacna\/\"},\"author\":{\"name\":\"boomandsmart\",\"@id\":\"https:\/\/boomandsmart.com\/#\/schema\/person\/45472ee9b9a6b06bc4a90e2e95bc7e34\"},\"headline\":\"Diferenci\u00e1cia rodn\u00fdch \u010d\u00edsel na mu\u017esk\u00e9 a \u017eensk\u00e9 nie je diskrimina\u010dn\u00e1\",\"datePublished\":\"2022-04-12T08:11:54+00:00\",\"mainEntityOfPage\":{\"@id\":\"https:\/\/boomandsmart.com\/diferenciacia-rodnych-cisel-na-muzske-a-zenske-nie-je-diskriminacna\/\"},\"wordCount\":734,\"image\":{\"@id\":\"https:\/\/boomandsmart.com\/diferenciacia-rodnych-cisel-na-muzske-a-zenske-nie-je-diskriminacna\/#primaryimage\"},\"thumbnailUrl\":\"https:\/\/boomandsmart.com\/wp-content\/uploads\/2022\/04\/gender-g181a8970c_1280.png\",\"articleSection\":[\"Uncategorized @sk\"],\"inLanguage\":\"sk-SK\"},{\"@type\":\"WebPage\",\"@id\":\"https:\/\/boomandsmart.com\/diferenciacia-rodnych-cisel-na-muzske-a-zenske-nie-je-diskriminacna\/\",\"url\":\"https:\/\/boomandsmart.com\/diferenciacia-rodnych-cisel-na-muzske-a-zenske-nie-je-diskriminacna\/\",\"name\":\"Diferenci\u00e1cia rodn\u00fdch \u010d\u00edsel na mu\u017esk\u00e9 a \u017eensk\u00e9 nie je diskrimina\u010dn\u00e1 - BOOM &amp; SMART\",\"isPartOf\":{\"@id\":\"https:\/\/boomandsmart.com\/#website\"},\"primaryImageOfPage\":{\"@id\":\"https:\/\/boomandsmart.com\/diferenciacia-rodnych-cisel-na-muzske-a-zenske-nie-je-diskriminacna\/#primaryimage\"},\"image\":{\"@id\":\"https:\/\/boomandsmart.com\/diferenciacia-rodnych-cisel-na-muzske-a-zenske-nie-je-diskriminacna\/#primaryimage\"},\"thumbnailUrl\":\"https:\/\/boomandsmart.com\/wp-content\/uploads\/2022\/04\/gender-g181a8970c_1280.png\",\"datePublished\":\"2022-04-12T08:11:54+00:00\",\"author\":{\"@id\":\"https:\/\/boomandsmart.com\/#\/schema\/person\/45472ee9b9a6b06bc4a90e2e95bc7e34\"},\"breadcrumb\":{\"@id\":\"https:\/\/boomandsmart.com\/diferenciacia-rodnych-cisel-na-muzske-a-zenske-nie-je-diskriminacna\/#breadcrumb\"},\"inLanguage\":\"sk-SK\",\"potentialAction\":[{\"@type\":\"ReadAction\",\"target\":[\"https:\/\/boomandsmart.com\/diferenciacia-rodnych-cisel-na-muzske-a-zenske-nie-je-diskriminacna\/\"]}]},{\"@type\":\"ImageObject\",\"inLanguage\":\"sk-SK\",\"@id\":\"https:\/\/boomandsmart.com\/diferenciacia-rodnych-cisel-na-muzske-a-zenske-nie-je-diskriminacna\/#primaryimage\",\"url\":\"https:\/\/boomandsmart.com\/wp-content\/uploads\/2022\/04\/gender-g181a8970c_1280.png\",\"contentUrl\":\"https:\/\/boomandsmart.com\/wp-content\/uploads\/2022\/04\/gender-g181a8970c_1280.png\",\"width\":1280,\"height\":1023},{\"@type\":\"BreadcrumbList\",\"@id\":\"https:\/\/boomandsmart.com\/diferenciacia-rodnych-cisel-na-muzske-a-zenske-nie-je-diskriminacna\/#breadcrumb\",\"itemListElement\":[{\"@type\":\"ListItem\",\"position\":1,\"name\":\"Home\",\"item\":\"https:\/\/boomandsmart.com\/sk\/\"},{\"@type\":\"ListItem\",\"position\":2,\"name\":\"Diferenci\u00e1cia rodn\u00fdch \u010d\u00edsel na mu\u017esk\u00e9 a \u017eensk\u00e9 nie je diskrimina\u010dn\u00e1\"}]},{\"@type\":\"WebSite\",\"@id\":\"https:\/\/boomandsmart.com\/#website\",\"url\":\"https:\/\/boomandsmart.com\/\",\"name\":\"BOOM &amp; SMART\",\"description\":\"\",\"potentialAction\":[{\"@type\":\"SearchAction\",\"target\":{\"@type\":\"EntryPoint\",\"urlTemplate\":\"https:\/\/boomandsmart.com\/?s={search_term_string}\"},\"query-input\":{\"@type\":\"PropertyValueSpecification\",\"valueRequired\":true,\"valueName\":\"search_term_string\"}}],\"inLanguage\":\"sk-SK\"},{\"@type\":\"Person\",\"@id\":\"https:\/\/boomandsmart.com\/#\/schema\/person\/45472ee9b9a6b06bc4a90e2e95bc7e34\",\"name\":\"boomandsmart\",\"url\":\"https:\/\/boomandsmart.com\/sk\/author\/boomandsmart\/\"}]}<\/script>","yoast_head_json":{"title":"Diferenci\u00e1cia rodn\u00fdch \u010d\u00edsel na mu\u017esk\u00e9 a \u017eensk\u00e9 nie je diskrimina\u010dn\u00e1 - BOOM &amp; SMART","robots":{"index":"index","follow":"follow","max-snippet":"max-snippet:-1","max-image-preview":"max-image-preview:large","max-video-preview":"max-video-preview:-1"},"canonical":"https:\/\/boomandsmart.com\/diferenciacia-rodnych-cisel-na-muzske-a-zenske-nie-je-diskriminacna\/","og_locale":"sk_SK","og_type":"article","og_title":"Diferenci\u00e1cia rodn\u00fdch \u010d\u00edsel na mu\u017esk\u00e9 a \u017eensk\u00e9 nie je diskrimina\u010dn\u00e1 - BOOM &amp; SMART","og_description":"&nbsp; Z\u00a0pr\u00e1vnej defin\u00edcie rodn\u00e9ho \u010d\u00edsla vypl\u00fdva, \u017ee jeho druh\u00e9 dvoj\u010d\u00edslie vyjadruje \u010d\u00edseln\u00e9 ozna\u010denie mesiaca narodenia osoby, ktor\u00e9 je u\u00a0\u017eien zv\u00fd\u0161en\u00e9 o\u00a050. \u00dastavn\u00fd s\u00fad \u010ceskej republiky posudzoval, \u010di tak\u00e9to vyjadrenie rodn\u00e9ho \u010d\u00edsla nie je v\u00a0rozpore s\u00a0\u00fastavou, predov\u0161etk\u00fdm \u010di nie je diskrimina\u010dn\u00e9. Pl\u00e9num \u00daS \u010cR d\u0148a 31.3.2022 rozhodlo, \u017ee diferenci\u00e1cia rodn\u00fdch \u010d\u00edsel na mu\u017esk\u00e9 a\u00a0\u017eensk\u00e9, pri\u010dom \u017eensk\u00e9...","og_url":"https:\/\/boomandsmart.com\/diferenciacia-rodnych-cisel-na-muzske-a-zenske-nie-je-diskriminacna\/","og_site_name":"BOOM &amp; SMART","article_published_time":"2022-04-12T08:11:54+00:00","og_image":[{"width":1280,"height":1023,"url":"https:\/\/boomandsmart.com\/wp-content\/uploads\/2022\/04\/gender-g181a8970c_1280.png","type":"image\/png"}],"author":"boomandsmart","twitter_card":"summary_large_image","twitter_misc":{"Autor":"boomandsmart","Predpokladan\u00fd \u010das \u010d\u00edtania":"3 min\u00faty"},"schema":{"@context":"https:\/\/schema.org","@graph":[{"@type":"Article","@id":"https:\/\/boomandsmart.com\/diferenciacia-rodnych-cisel-na-muzske-a-zenske-nie-je-diskriminacna\/#article","isPartOf":{"@id":"https:\/\/boomandsmart.com\/diferenciacia-rodnych-cisel-na-muzske-a-zenske-nie-je-diskriminacna\/"},"author":{"name":"boomandsmart","@id":"https:\/\/boomandsmart.com\/#\/schema\/person\/45472ee9b9a6b06bc4a90e2e95bc7e34"},"headline":"Diferenci\u00e1cia rodn\u00fdch \u010d\u00edsel na mu\u017esk\u00e9 a \u017eensk\u00e9 nie je diskrimina\u010dn\u00e1","datePublished":"2022-04-12T08:11:54+00:00","mainEntityOfPage":{"@id":"https:\/\/boomandsmart.com\/diferenciacia-rodnych-cisel-na-muzske-a-zenske-nie-je-diskriminacna\/"},"wordCount":734,"image":{"@id":"https:\/\/boomandsmart.com\/diferenciacia-rodnych-cisel-na-muzske-a-zenske-nie-je-diskriminacna\/#primaryimage"},"thumbnailUrl":"https:\/\/boomandsmart.com\/wp-content\/uploads\/2022\/04\/gender-g181a8970c_1280.png","articleSection":["Uncategorized @sk"],"inLanguage":"sk-SK"},{"@type":"WebPage","@id":"https:\/\/boomandsmart.com\/diferenciacia-rodnych-cisel-na-muzske-a-zenske-nie-je-diskriminacna\/","url":"https:\/\/boomandsmart.com\/diferenciacia-rodnych-cisel-na-muzske-a-zenske-nie-je-diskriminacna\/","name":"Diferenci\u00e1cia rodn\u00fdch \u010d\u00edsel na mu\u017esk\u00e9 a \u017eensk\u00e9 nie je diskrimina\u010dn\u00e1 - BOOM &amp; SMART","isPartOf":{"@id":"https:\/\/boomandsmart.com\/#website"},"primaryImageOfPage":{"@id":"https:\/\/boomandsmart.com\/diferenciacia-rodnych-cisel-na-muzske-a-zenske-nie-je-diskriminacna\/#primaryimage"},"image":{"@id":"https:\/\/boomandsmart.com\/diferenciacia-rodnych-cisel-na-muzske-a-zenske-nie-je-diskriminacna\/#primaryimage"},"thumbnailUrl":"https:\/\/boomandsmart.com\/wp-content\/uploads\/2022\/04\/gender-g181a8970c_1280.png","datePublished":"2022-04-12T08:11:54+00:00","author":{"@id":"https:\/\/boomandsmart.com\/#\/schema\/person\/45472ee9b9a6b06bc4a90e2e95bc7e34"},"breadcrumb":{"@id":"https:\/\/boomandsmart.com\/diferenciacia-rodnych-cisel-na-muzske-a-zenske-nie-je-diskriminacna\/#breadcrumb"},"inLanguage":"sk-SK","potentialAction":[{"@type":"ReadAction","target":["https:\/\/boomandsmart.com\/diferenciacia-rodnych-cisel-na-muzske-a-zenske-nie-je-diskriminacna\/"]}]},{"@type":"ImageObject","inLanguage":"sk-SK","@id":"https:\/\/boomandsmart.com\/diferenciacia-rodnych-cisel-na-muzske-a-zenske-nie-je-diskriminacna\/#primaryimage","url":"https:\/\/boomandsmart.com\/wp-content\/uploads\/2022\/04\/gender-g181a8970c_1280.png","contentUrl":"https:\/\/boomandsmart.com\/wp-content\/uploads\/2022\/04\/gender-g181a8970c_1280.png","width":1280,"height":1023},{"@type":"BreadcrumbList","@id":"https:\/\/boomandsmart.com\/diferenciacia-rodnych-cisel-na-muzske-a-zenske-nie-je-diskriminacna\/#breadcrumb","itemListElement":[{"@type":"ListItem","position":1,"name":"Home","item":"https:\/\/boomandsmart.com\/sk\/"},{"@type":"ListItem","position":2,"name":"Diferenci\u00e1cia rodn\u00fdch \u010d\u00edsel na mu\u017esk\u00e9 a \u017eensk\u00e9 nie je diskrimina\u010dn\u00e1"}]},{"@type":"WebSite","@id":"https:\/\/boomandsmart.com\/#website","url":"https:\/\/boomandsmart.com\/","name":"BOOM &amp; SMART","description":"","potentialAction":[{"@type":"SearchAction","target":{"@type":"EntryPoint","urlTemplate":"https:\/\/boomandsmart.com\/?s={search_term_string}"},"query-input":{"@type":"PropertyValueSpecification","valueRequired":true,"valueName":"search_term_string"}}],"inLanguage":"sk-SK"},{"@type":"Person","@id":"https:\/\/boomandsmart.com\/#\/schema\/person\/45472ee9b9a6b06bc4a90e2e95bc7e34","name":"boomandsmart","url":"https:\/\/boomandsmart.com\/sk\/author\/boomandsmart\/"}]}},"_links":{"self":[{"href":"https:\/\/boomandsmart.com\/sk\/wp-json\/wp\/v2\/posts\/1374","targetHints":{"allow":["GET"]}}],"collection":[{"href":"https:\/\/boomandsmart.com\/sk\/wp-json\/wp\/v2\/posts"}],"about":[{"href":"https:\/\/boomandsmart.com\/sk\/wp-json\/wp\/v2\/types\/post"}],"author":[{"embeddable":true,"href":"https:\/\/boomandsmart.com\/sk\/wp-json\/wp\/v2\/users\/3"}],"replies":[{"embeddable":true,"href":"https:\/\/boomandsmart.com\/sk\/wp-json\/wp\/v2\/comments?post=1374"}],"version-history":[{"count":0,"href":"https:\/\/boomandsmart.com\/sk\/wp-json\/wp\/v2\/posts\/1374\/revisions"}],"wp:featuredmedia":[{"embeddable":true,"href":"https:\/\/boomandsmart.com\/sk\/wp-json\/wp\/v2\/media\/1375"}],"wp:attachment":[{"href":"https:\/\/boomandsmart.com\/sk\/wp-json\/wp\/v2\/media?parent=1374"}],"wp:term":[{"taxonomy":"category","embeddable":true,"href":"https:\/\/boomandsmart.com\/sk\/wp-json\/wp\/v2\/categories?post=1374"},{"taxonomy":"post_tag","embeddable":true,"href":"https:\/\/boomandsmart.com\/sk\/wp-json\/wp\/v2\/tags?post=1374"}],"curies":[{"name":"wp","href":"https:\/\/api.w.org\/{rel}","templated":true}]}}