{"id":1408,"date":"2021-08-05T13:41:21","date_gmt":"2021-08-05T11:41:21","guid":{"rendered":"https:\/\/boomandsmart.com\/cezhranicne-vyslanie-zamestnancov-a-ich-pracovne-podmienky-od-31-jula-2021\/"},"modified":"2021-08-05T13:41:21","modified_gmt":"2021-08-05T11:41:21","slug":"cezhranicne-vyslanie-zamestnancov-a-ich-pracovne-podmienky-od-31-jula-2021","status":"publish","type":"post","link":"https:\/\/boomandsmart.com\/sk\/cezhranicne-vyslanie-zamestnancov-a-ich-pracovne-podmienky-od-31-jula-2021\/","title":{"rendered":"Cezhrani\u010dn\u00e9 vyslanie zamestnancov a ich pracovn\u00e9 podmienky od 31. j\u00fala 2021"},"content":{"rendered":"<h5>\u010cak\u00e1 n\u00e1s \u010fal\u0161ia novela Z\u00e1konn\u00edka pr\u00e1ce v oblasti cezhrani\u010dn\u00e9ho vysielania zamestnancov?<\/h5>\n<p>D\u0148a 30. j\u00fala 2020 nadobudol \u00fa\u010dinnos\u0165 z\u00e1kon \u010d. 307\/2019 Z. z. ktor\u00fdm sa novelizoval Z\u00e1konn\u00edk pr\u00e1ce. Novela ZP reagovala na zmenu smernice 96\/71\/ES Eur\u00f3pskeho Parlamentu a Rady o vysielan\u00ed zamestnancov v r\u00e1mci poskytovania slu\u017eieb a v oblasti cezhrani\u010dn\u00e9ho vysielania zamestnancov priniesla pomerne z\u00e1sadn\u00e9 zmeny. Zmenila (roz\u0161\u00edrila) tzv. tvrd\u00e9 jadro pracovn\u00fdch podmienok, ktor\u00e9 sa vz\u0165ahuj\u00fa na vyslan\u00e9ho zamestnanca z \u00fazemia \u010dlensk\u00e9ho \u0161t\u00e1tu E\u00da na \u00fazemie Slovenskej republiky, a to v oblasti odme\u0148ovania, ubytovania a cestovn\u00fdch n\u00e1hrad. Z\u00e1rove\u0148 v\u0161ak novela stanovila, \u017ee ak bol zamestnanec vyslan\u00fd na obdobie dlh\u0161ie ako 12 mesiacov, po tomto obdob\u00ed sa na\u0148ho nebude vz\u0165ahova\u0165 len tvrd\u00e9 jadro, ale u\u017e slovensk\u00e9 pracovn\u00e9 pr\u00e1vo ako celok. V\u00fdnimkou s\u00fa ustanovenia o zalo\u017een\u00ed, vzniku, skon\u010den\u00ed a z\u00e1niku pracovnopr\u00e1vneho vz\u0165ahu, v\u00fdkonu inej z\u00e1robkovej \u010dinnosti a obmedzenia z\u00e1robkovej \u010dinnosti po skon\u010den\u00ed pracovn\u00e9ho pomeru.<\/p>\n<blockquote><p>Od 31. j\u00fala 2021 sa na nich vz\u0165ahuje cel\u00fd Z\u00e1konn\u00edk pr\u00e1ce vr\u00e1tane osobitn\u00fdch pracovnopr\u00e1vnych predpisov a kolekt\u00edvnych zml\u00fav. A na to by zamestn\u00e1vatelia nemali zabudn\u00fa\u0165.<\/p><\/blockquote>\n<p>A pre\u010do na uveden\u00e9 poukazujeme pr\u00e1ve teraz, rok po \u00fa\u010dinnosti novely? Preto\u017ee t\u00e1to novela Z\u00e1konn\u00edka pr\u00e1ce z\u00e1rove\u0148 stanovila prechodn\u00e9 obdobie, v zmysle ktor\u00e9ho sa vyslanie zamestnancov na v\u00fdkon pr\u00e1c pri poskytovan\u00ed slu\u017eieb z kraj\u00edn E\u00da na \u00fazemie Slovenskej republiky pred \u00fa\u010dinnos\u0165ou novely pova\u017euje na \u00fa\u010dely pos\u00fadenia trvania vyslania za za\u010dat\u00e9 d\u0148om 30. j\u00fala 2020. In\u00fdmi slovami, v\u0161etci dlhodobo vyslan\u00ed zamestnanci sa ocitli na rovnakom \u0161tartovacom bode a to bez rozdielu, ako dlho sa u\u017e na \u00fazem\u00ed SR pred \u00fa\u010dinnos\u0165ou novely nach\u00e1dzali. A len pred nieko\u013ek\u00fdmi d\u0148ami, t. j. d\u0148a 30. j\u00fala 2021, uplynulo v\u0161etk\u00fdm z nich dvan\u00e1s\u0165mesa\u010dn\u00e9 obdobie, po\u010das ktor\u00e9ho sa na vyslan\u00fdch zamestnancov vz\u0165ahovalo len tzv. tvrd\u00e9 jadro smernice. Od 31. j\u00fala 2021 sa na nich vz\u0165ahuje cel\u00fd Z\u00e1konn\u00edk pr\u00e1ce vr\u00e1tane osobitn\u00fdch pracovnopr\u00e1vnych predpisov a kolekt\u00edvnych zml\u00fav. A na to by zamestn\u00e1vatelia nemali zabudn\u00fa\u0165.<\/p>\n<p>\u00davod pr\u00edspevku sme za\u010dali ot\u00e1zkou o novele Z\u00e1konn\u00edka pr\u00e1ce, ktor\u00e1 by sa mohla prija\u0165 v najbli\u017e\u0161\u00edch t\u00fd\u017ed\u0148och. K uveden\u00e9mu z\u00e1veru n\u00e1s vedie obsah stanoviska Eur\u00f3pskej komisie, ktor\u00e1 takmer na v\u00fdro\u010die \u00fa\u010dinnosti vy\u0161\u0161ie uvedenej novely ZP, zaslala (aj) Slovensku form\u00e1lnu v\u00fdzvu na odstr\u00e1nenie nedostatkov vypl\u00fdvaj\u00facich z nedostato\u010dnej transpoz\u00edcie smernice EP a Rady 2014\/67\/E\u00da o presadzovan\u00ed smernice 96\/71\/ES o vysielan\u00ed pracovn\u00edkov v r\u00e1mci poskytovania slu\u017eieb, do vn\u00fatro\u0161t\u00e1tneho poriadku. Pre objekt\u00edvnos\u0165 v\u0161ak treba doda\u0165, \u017ee toto konanie Komisia za\u010dala aj vo\u010di \u010fal\u0161\u00edm dvadsiatim trom \u010dlensk\u00fdm \u0161t\u00e1tom.<\/p>\n","protected":false},"excerpt":{"rendered":"<p>\u010cak\u00e1 n\u00e1s \u010fal\u0161ia novela Z\u00e1konn\u00edka pr\u00e1ce v oblasti cezhrani\u010dn\u00e9ho vysielania zamestnancov? D\u0148a 30. j\u00fala 2020 nadobudol \u00fa\u010dinnos\u0165 z\u00e1kon \u010d. 307\/2019 Z. z. ktor\u00fdm sa novelizoval Z\u00e1konn\u00edk pr\u00e1ce. Novela ZP reagovala na zmenu smernice 96\/71\/ES Eur\u00f3pskeho Parlamentu a Rady o vysielan\u00ed zamestnancov v r\u00e1mci poskytovania slu\u017eieb a v oblasti cezhrani\u010dn\u00e9ho vysielania zamestnancov priniesla pomerne z\u00e1sadn\u00e9 zmeny&#8230;.<\/p>\n","protected":false},"author":3,"featured_media":1410,"comment_status":"closed","ping_status":"closed","sticky":false,"template":"","format":"standard","meta":{"inline_featured_image":false,"footnotes":""},"categories":[1],"tags":[],"class_list":["post-1408","post","type-post","status-publish","format-standard","has-post-thumbnail","hentry","category-uncategorized-sk"],"yoast_head":"<title>Cezhrani\u010dn\u00e9 vyslanie zamestnancov a ich pracovn\u00e9 podmienky od 31. j\u00fala 2021 - BOOM &amp; SMART<\/title>\n<meta name=\"robots\" content=\"index, follow, max-snippet:-1, max-image-preview:large, max-video-preview:-1\" \/>\n<link rel=\"canonical\" href=\"https:\/\/boomandsmart.com\/cezhranicne-vyslanie-zamestnancov-a-ich-pracovne-podmienky-od-31-jula-2021\/\" \/>\n<meta property=\"og:locale\" content=\"sk_SK\" \/>\n<meta property=\"og:type\" content=\"article\" \/>\n<meta property=\"og:title\" content=\"Cezhrani\u010dn\u00e9 vyslanie zamestnancov a ich pracovn\u00e9 podmienky od 31. j\u00fala 2021 - BOOM &amp; SMART\" \/>\n<meta property=\"og:description\" content=\"\u010cak\u00e1 n\u00e1s \u010fal\u0161ia novela Z\u00e1konn\u00edka pr\u00e1ce v oblasti cezhrani\u010dn\u00e9ho vysielania zamestnancov? D\u0148a 30. j\u00fala 2020 nadobudol \u00fa\u010dinnos\u0165 z\u00e1kon \u010d. 307\/2019 Z. z. ktor\u00fdm sa novelizoval Z\u00e1konn\u00edk pr\u00e1ce. Novela ZP reagovala na zmenu smernice 96\/71\/ES Eur\u00f3pskeho Parlamentu a Rady o vysielan\u00ed zamestnancov v r\u00e1mci poskytovania slu\u017eieb a v oblasti cezhrani\u010dn\u00e9ho vysielania zamestnancov priniesla pomerne z\u00e1sadn\u00e9 zmeny....\" \/>\n<meta property=\"og:url\" content=\"https:\/\/boomandsmart.com\/cezhranicne-vyslanie-zamestnancov-a-ich-pracovne-podmienky-od-31-jula-2021\/\" \/>\n<meta property=\"og:site_name\" content=\"BOOM &amp; SMART\" \/>\n<meta property=\"article:published_time\" content=\"2021-08-05T11:41:21+00:00\" \/>\n<meta property=\"og:image\" content=\"https:\/\/boomandsmart.com\/wp-content\/uploads\/2021\/08\/rob-wilson-WuD-H9IQnfg-unsplash-1-scaled.jpg\" \/>\n\t<meta property=\"og:image:width\" content=\"2560\" \/>\n\t<meta property=\"og:image:height\" content=\"1660\" \/>\n\t<meta property=\"og:image:type\" content=\"image\/jpeg\" \/>\n<meta name=\"author\" content=\"boomandsmart\" \/>\n<meta name=\"twitter:card\" content=\"summary_large_image\" \/>\n<meta name=\"twitter:label1\" content=\"Autor\" \/>\n\t<meta name=\"twitter:data1\" content=\"boomandsmart\" \/>\n\t<meta name=\"twitter:label2\" content=\"Predpokladan\u00fd \u010das \u010d\u00edtania\" \/>\n\t<meta name=\"twitter:data2\" content=\"2 min\u00faty\" \/>\n<script type=\"application\/ld+json\" class=\"yoast-schema-graph\">{\"@context\":\"https:\/\/schema.org\",\"@graph\":[{\"@type\":\"Article\",\"@id\":\"https:\/\/boomandsmart.com\/cezhranicne-vyslanie-zamestnancov-a-ich-pracovne-podmienky-od-31-jula-2021\/#article\",\"isPartOf\":{\"@id\":\"https:\/\/boomandsmart.com\/cezhranicne-vyslanie-zamestnancov-a-ich-pracovne-podmienky-od-31-jula-2021\/\"},\"author\":{\"name\":\"boomandsmart\",\"@id\":\"https:\/\/boomandsmart.com\/#\/schema\/person\/45472ee9b9a6b06bc4a90e2e95bc7e34\"},\"headline\":\"Cezhrani\u010dn\u00e9 vyslanie zamestnancov a ich pracovn\u00e9 podmienky od 31. j\u00fala 2021\",\"datePublished\":\"2021-08-05T11:41:21+00:00\",\"mainEntityOfPage\":{\"@id\":\"https:\/\/boomandsmart.com\/cezhranicne-vyslanie-zamestnancov-a-ich-pracovne-podmienky-od-31-jula-2021\/\"},\"wordCount\":523,\"image\":{\"@id\":\"https:\/\/boomandsmart.com\/cezhranicne-vyslanie-zamestnancov-a-ich-pracovne-podmienky-od-31-jula-2021\/#primaryimage\"},\"thumbnailUrl\":\"https:\/\/boomandsmart.com\/wp-content\/uploads\/2021\/08\/rob-wilson-WuD-H9IQnfg-unsplash-1-scaled.jpg\",\"articleSection\":[\"Uncategorized @sk\"],\"inLanguage\":\"sk-SK\"},{\"@type\":\"WebPage\",\"@id\":\"https:\/\/boomandsmart.com\/cezhranicne-vyslanie-zamestnancov-a-ich-pracovne-podmienky-od-31-jula-2021\/\",\"url\":\"https:\/\/boomandsmart.com\/cezhranicne-vyslanie-zamestnancov-a-ich-pracovne-podmienky-od-31-jula-2021\/\",\"name\":\"Cezhrani\u010dn\u00e9 vyslanie zamestnancov a ich pracovn\u00e9 podmienky od 31. j\u00fala 2021 - BOOM &amp; SMART\",\"isPartOf\":{\"@id\":\"https:\/\/boomandsmart.com\/#website\"},\"primaryImageOfPage\":{\"@id\":\"https:\/\/boomandsmart.com\/cezhranicne-vyslanie-zamestnancov-a-ich-pracovne-podmienky-od-31-jula-2021\/#primaryimage\"},\"image\":{\"@id\":\"https:\/\/boomandsmart.com\/cezhranicne-vyslanie-zamestnancov-a-ich-pracovne-podmienky-od-31-jula-2021\/#primaryimage\"},\"thumbnailUrl\":\"https:\/\/boomandsmart.com\/wp-content\/uploads\/2021\/08\/rob-wilson-WuD-H9IQnfg-unsplash-1-scaled.jpg\",\"datePublished\":\"2021-08-05T11:41:21+00:00\",\"author\":{\"@id\":\"https:\/\/boomandsmart.com\/#\/schema\/person\/45472ee9b9a6b06bc4a90e2e95bc7e34\"},\"breadcrumb\":{\"@id\":\"https:\/\/boomandsmart.com\/cezhranicne-vyslanie-zamestnancov-a-ich-pracovne-podmienky-od-31-jula-2021\/#breadcrumb\"},\"inLanguage\":\"sk-SK\",\"potentialAction\":[{\"@type\":\"ReadAction\",\"target\":[\"https:\/\/boomandsmart.com\/cezhranicne-vyslanie-zamestnancov-a-ich-pracovne-podmienky-od-31-jula-2021\/\"]}]},{\"@type\":\"ImageObject\",\"inLanguage\":\"sk-SK\",\"@id\":\"https:\/\/boomandsmart.com\/cezhranicne-vyslanie-zamestnancov-a-ich-pracovne-podmienky-od-31-jula-2021\/#primaryimage\",\"url\":\"https:\/\/boomandsmart.com\/wp-content\/uploads\/2021\/08\/rob-wilson-WuD-H9IQnfg-unsplash-1-scaled.jpg\",\"contentUrl\":\"https:\/\/boomandsmart.com\/wp-content\/uploads\/2021\/08\/rob-wilson-WuD-H9IQnfg-unsplash-1-scaled.jpg\",\"width\":2560,\"height\":1660},{\"@type\":\"BreadcrumbList\",\"@id\":\"https:\/\/boomandsmart.com\/cezhranicne-vyslanie-zamestnancov-a-ich-pracovne-podmienky-od-31-jula-2021\/#breadcrumb\",\"itemListElement\":[{\"@type\":\"ListItem\",\"position\":1,\"name\":\"Home\",\"item\":\"https:\/\/boomandsmart.com\/sk\/\"},{\"@type\":\"ListItem\",\"position\":2,\"name\":\"Cezhrani\u010dn\u00e9 vyslanie zamestnancov a ich pracovn\u00e9 podmienky od 31. j\u00fala 2021\"}]},{\"@type\":\"WebSite\",\"@id\":\"https:\/\/boomandsmart.com\/#website\",\"url\":\"https:\/\/boomandsmart.com\/\",\"name\":\"BOOM &amp; SMART\",\"description\":\"\",\"potentialAction\":[{\"@type\":\"SearchAction\",\"target\":{\"@type\":\"EntryPoint\",\"urlTemplate\":\"https:\/\/boomandsmart.com\/?s={search_term_string}\"},\"query-input\":{\"@type\":\"PropertyValueSpecification\",\"valueRequired\":true,\"valueName\":\"search_term_string\"}}],\"inLanguage\":\"sk-SK\"},{\"@type\":\"Person\",\"@id\":\"https:\/\/boomandsmart.com\/#\/schema\/person\/45472ee9b9a6b06bc4a90e2e95bc7e34\",\"name\":\"boomandsmart\",\"url\":\"https:\/\/boomandsmart.com\/sk\/author\/boomandsmart\/\"}]}<\/script>","yoast_head_json":{"title":"Cezhrani\u010dn\u00e9 vyslanie zamestnancov a ich pracovn\u00e9 podmienky od 31. j\u00fala 2021 - BOOM &amp; SMART","robots":{"index":"index","follow":"follow","max-snippet":"max-snippet:-1","max-image-preview":"max-image-preview:large","max-video-preview":"max-video-preview:-1"},"canonical":"https:\/\/boomandsmart.com\/cezhranicne-vyslanie-zamestnancov-a-ich-pracovne-podmienky-od-31-jula-2021\/","og_locale":"sk_SK","og_type":"article","og_title":"Cezhrani\u010dn\u00e9 vyslanie zamestnancov a ich pracovn\u00e9 podmienky od 31. j\u00fala 2021 - BOOM &amp; SMART","og_description":"\u010cak\u00e1 n\u00e1s \u010fal\u0161ia novela Z\u00e1konn\u00edka pr\u00e1ce v oblasti cezhrani\u010dn\u00e9ho vysielania zamestnancov? D\u0148a 30. j\u00fala 2020 nadobudol \u00fa\u010dinnos\u0165 z\u00e1kon \u010d. 307\/2019 Z. z. ktor\u00fdm sa novelizoval Z\u00e1konn\u00edk pr\u00e1ce. Novela ZP reagovala na zmenu smernice 96\/71\/ES Eur\u00f3pskeho Parlamentu a Rady o vysielan\u00ed zamestnancov v r\u00e1mci poskytovania slu\u017eieb a v oblasti cezhrani\u010dn\u00e9ho vysielania zamestnancov priniesla pomerne z\u00e1sadn\u00e9 zmeny....","og_url":"https:\/\/boomandsmart.com\/cezhranicne-vyslanie-zamestnancov-a-ich-pracovne-podmienky-od-31-jula-2021\/","og_site_name":"BOOM &amp; SMART","article_published_time":"2021-08-05T11:41:21+00:00","og_image":[{"width":2560,"height":1660,"url":"https:\/\/boomandsmart.com\/wp-content\/uploads\/2021\/08\/rob-wilson-WuD-H9IQnfg-unsplash-1-scaled.jpg","type":"image\/jpeg"}],"author":"boomandsmart","twitter_card":"summary_large_image","twitter_misc":{"Autor":"boomandsmart","Predpokladan\u00fd \u010das \u010d\u00edtania":"2 min\u00faty"},"schema":{"@context":"https:\/\/schema.org","@graph":[{"@type":"Article","@id":"https:\/\/boomandsmart.com\/cezhranicne-vyslanie-zamestnancov-a-ich-pracovne-podmienky-od-31-jula-2021\/#article","isPartOf":{"@id":"https:\/\/boomandsmart.com\/cezhranicne-vyslanie-zamestnancov-a-ich-pracovne-podmienky-od-31-jula-2021\/"},"author":{"name":"boomandsmart","@id":"https:\/\/boomandsmart.com\/#\/schema\/person\/45472ee9b9a6b06bc4a90e2e95bc7e34"},"headline":"Cezhrani\u010dn\u00e9 vyslanie zamestnancov a ich pracovn\u00e9 podmienky od 31. j\u00fala 2021","datePublished":"2021-08-05T11:41:21+00:00","mainEntityOfPage":{"@id":"https:\/\/boomandsmart.com\/cezhranicne-vyslanie-zamestnancov-a-ich-pracovne-podmienky-od-31-jula-2021\/"},"wordCount":523,"image":{"@id":"https:\/\/boomandsmart.com\/cezhranicne-vyslanie-zamestnancov-a-ich-pracovne-podmienky-od-31-jula-2021\/#primaryimage"},"thumbnailUrl":"https:\/\/boomandsmart.com\/wp-content\/uploads\/2021\/08\/rob-wilson-WuD-H9IQnfg-unsplash-1-scaled.jpg","articleSection":["Uncategorized @sk"],"inLanguage":"sk-SK"},{"@type":"WebPage","@id":"https:\/\/boomandsmart.com\/cezhranicne-vyslanie-zamestnancov-a-ich-pracovne-podmienky-od-31-jula-2021\/","url":"https:\/\/boomandsmart.com\/cezhranicne-vyslanie-zamestnancov-a-ich-pracovne-podmienky-od-31-jula-2021\/","name":"Cezhrani\u010dn\u00e9 vyslanie zamestnancov a ich pracovn\u00e9 podmienky od 31. j\u00fala 2021 - BOOM &amp; SMART","isPartOf":{"@id":"https:\/\/boomandsmart.com\/#website"},"primaryImageOfPage":{"@id":"https:\/\/boomandsmart.com\/cezhranicne-vyslanie-zamestnancov-a-ich-pracovne-podmienky-od-31-jula-2021\/#primaryimage"},"image":{"@id":"https:\/\/boomandsmart.com\/cezhranicne-vyslanie-zamestnancov-a-ich-pracovne-podmienky-od-31-jula-2021\/#primaryimage"},"thumbnailUrl":"https:\/\/boomandsmart.com\/wp-content\/uploads\/2021\/08\/rob-wilson-WuD-H9IQnfg-unsplash-1-scaled.jpg","datePublished":"2021-08-05T11:41:21+00:00","author":{"@id":"https:\/\/boomandsmart.com\/#\/schema\/person\/45472ee9b9a6b06bc4a90e2e95bc7e34"},"breadcrumb":{"@id":"https:\/\/boomandsmart.com\/cezhranicne-vyslanie-zamestnancov-a-ich-pracovne-podmienky-od-31-jula-2021\/#breadcrumb"},"inLanguage":"sk-SK","potentialAction":[{"@type":"ReadAction","target":["https:\/\/boomandsmart.com\/cezhranicne-vyslanie-zamestnancov-a-ich-pracovne-podmienky-od-31-jula-2021\/"]}]},{"@type":"ImageObject","inLanguage":"sk-SK","@id":"https:\/\/boomandsmart.com\/cezhranicne-vyslanie-zamestnancov-a-ich-pracovne-podmienky-od-31-jula-2021\/#primaryimage","url":"https:\/\/boomandsmart.com\/wp-content\/uploads\/2021\/08\/rob-wilson-WuD-H9IQnfg-unsplash-1-scaled.jpg","contentUrl":"https:\/\/boomandsmart.com\/wp-content\/uploads\/2021\/08\/rob-wilson-WuD-H9IQnfg-unsplash-1-scaled.jpg","width":2560,"height":1660},{"@type":"BreadcrumbList","@id":"https:\/\/boomandsmart.com\/cezhranicne-vyslanie-zamestnancov-a-ich-pracovne-podmienky-od-31-jula-2021\/#breadcrumb","itemListElement":[{"@type":"ListItem","position":1,"name":"Home","item":"https:\/\/boomandsmart.com\/sk\/"},{"@type":"ListItem","position":2,"name":"Cezhrani\u010dn\u00e9 vyslanie zamestnancov a ich pracovn\u00e9 podmienky od 31. j\u00fala 2021"}]},{"@type":"WebSite","@id":"https:\/\/boomandsmart.com\/#website","url":"https:\/\/boomandsmart.com\/","name":"BOOM &amp; SMART","description":"","potentialAction":[{"@type":"SearchAction","target":{"@type":"EntryPoint","urlTemplate":"https:\/\/boomandsmart.com\/?s={search_term_string}"},"query-input":{"@type":"PropertyValueSpecification","valueRequired":true,"valueName":"search_term_string"}}],"inLanguage":"sk-SK"},{"@type":"Person","@id":"https:\/\/boomandsmart.com\/#\/schema\/person\/45472ee9b9a6b06bc4a90e2e95bc7e34","name":"boomandsmart","url":"https:\/\/boomandsmart.com\/sk\/author\/boomandsmart\/"}]}},"_links":{"self":[{"href":"https:\/\/boomandsmart.com\/sk\/wp-json\/wp\/v2\/posts\/1408","targetHints":{"allow":["GET"]}}],"collection":[{"href":"https:\/\/boomandsmart.com\/sk\/wp-json\/wp\/v2\/posts"}],"about":[{"href":"https:\/\/boomandsmart.com\/sk\/wp-json\/wp\/v2\/types\/post"}],"author":[{"embeddable":true,"href":"https:\/\/boomandsmart.com\/sk\/wp-json\/wp\/v2\/users\/3"}],"replies":[{"embeddable":true,"href":"https:\/\/boomandsmart.com\/sk\/wp-json\/wp\/v2\/comments?post=1408"}],"version-history":[{"count":0,"href":"https:\/\/boomandsmart.com\/sk\/wp-json\/wp\/v2\/posts\/1408\/revisions"}],"wp:featuredmedia":[{"embeddable":true,"href":"https:\/\/boomandsmart.com\/sk\/wp-json\/wp\/v2\/media\/1410"}],"wp:attachment":[{"href":"https:\/\/boomandsmart.com\/sk\/wp-json\/wp\/v2\/media?parent=1408"}],"wp:term":[{"taxonomy":"category","embeddable":true,"href":"https:\/\/boomandsmart.com\/sk\/wp-json\/wp\/v2\/categories?post=1408"},{"taxonomy":"post_tag","embeddable":true,"href":"https:\/\/boomandsmart.com\/sk\/wp-json\/wp\/v2\/tags?post=1408"}],"curies":[{"name":"wp","href":"https:\/\/api.w.org\/{rel}","templated":true}]}}