{"id":1448,"date":"2024-02-19T09:08:36","date_gmt":"2024-02-19T08:08:36","guid":{"rendered":"https:\/\/boomandsmart.com\/?p=1448"},"modified":"2024-02-19T09:09:09","modified_gmt":"2024-02-19T08:09:09","slug":"poskodenie-zdravia-pred-zacatim-prezliekania-do-pracovneho-odevu-je-pracovny-uraz","status":"publish","type":"post","link":"https:\/\/boomandsmart.com\/sk\/poskodenie-zdravia-pred-zacatim-prezliekania-do-pracovneho-odevu-je-pracovny-uraz\/","title":{"rendered":"Po\u0161kodenie zdravia pred za\u010dat\u00edm prezliekania do pracovn\u00e9ho odevu je pracovn\u00fd \u00faraz"},"content":{"rendered":"<p>&nbsp;<\/p>\n<p>Krajsk\u00fd s\u00fad v Bratislave vo veci sp. zn. 8CoPr\/4\/2022 rozhodoval, \u010di v situ\u00e1cii, ke\u010f do\u0161lo v priestoroch zamestn\u00e1vate\u013ea k fyzick\u00e9mu napadnutiu zamestnanca in\u00fdm zamestnancom, pri\u010dom mu bolo sp\u00f4soben\u00e9 \u0165a\u017ek\u00e9 ubl\u00ed\u017eenie na zdrav\u00ed, do\u0161lo z\u00e1rove\u0148 k pracovn\u00e9mu \u00farazu. Na rozdiel od s\u00fadu prv\u00e9ho stup\u0148a dospel k z\u00e1veru, \u017ee po\u0161kodenie zdravia je pracovn\u00fd \u00farazom.<\/p>\n<p>D\u00f4le\u017eit\u00e9 pritom bolo pos\u00fadi\u0165 \u010dinnosti po\u0161koden\u00e9ho zamestnanca tesne pred vznikom pracovn\u00e9ho \u00farazu. Pod\u013ea \u00a7 195 ods. 2 ZP je pracovn\u00fdm \u00farazom tak\u00e9 po\u0161kodenie zdravia, ktor\u00e9 bolo zamestnancovi sp\u00f4soben\u00e9 <strong>pri plnen\u00ed pracovn\u00fdch \u00faloh alebo v priamej s\u00favislosti s n\u00edm<\/strong> nez\u00e1visle od jeho v\u00f4le kr\u00e1tkodob\u00fdm, n\u00e1hlym a n\u00e1siln\u00fdm p\u00f4soben\u00edm vonkaj\u0161\u00edch vplyvov.<\/p>\n<p>V\u00a0danom pr\u00edpade \u017ealobca riadne nast\u00fapil do zamestnania. V \u010dase o cca 17.45 hod. v \u0161atniach \u017ealovan\u00e9ho ur\u010den\u00fdch na prezle\u010denie zamestnancov do pracovn\u00fdch \u00faborov do\u0161lo k fyzick\u00e9mu \u00fatoku na \u017ealobcu zo strany in\u00e9ho zamestnanca. V d\u00f4sledku tohto \u00fatoku na \u017ealobcu mu bolo sp\u00f4soben\u00e9 \u0165a\u017ek\u00e9 ubl\u00ed\u017eenie na zdrav\u00ed s dobou lie\u010denia 46 dn\u00ed.<\/p>\n<p>Svedkovia uviedli, \u017ee k\u00a0\u00fatoku do\u0161lo v\u00a0momente, ke\u010f \u017ealobca pri\u0161iel do \u0161atne, polo\u017eil si ta\u0161ku na lavi\u010dku a\u00a0vtedy \u00fato\u010dn\u00edk napadol. Prvostup\u0148ov\u00fd s\u00fad ust\u00e1lil, \u017ee \u017ealobca s\u00edce bol v \u0161atni \u017ealovan\u00e9ho, av\u0161ak iba pri\u0161iel do tohto priestoru a neza\u010dal sa e\u0161te prezlieka\u0165. Pod\u013ea s\u00fadu \u00fakony potrebn\u00e9 pred v\u00fdkonom pr\u00e1ce s\u00fa aj \u00fakony spojen\u00e9 s prezle\u010den\u00edm zamestnanca a s kontrolou pracovn\u00fdch prostriedkov. Tak\u00fato \u010dinnos\u0165 v\u0161ak \u017ealobca e\u0161te nevykon\u00e1val, iba sa dostavil na pracovisko. Nevykon\u00e1val teda \u00fakon v priamej s\u00favislosti s plnen\u00edm pracovn\u00fdch \u00faloh. Z vykonan\u00e9ho dokazovania dospel k z\u00e1veru, \u017ee nesporne v pr\u00edpade \u017ealobcu do\u0161lo u neho k \u00farazu, av\u0161ak v \u010dase, ke\u010f zamestnanec neplnil pracovn\u00fa \u00falohu ani nevykon\u00e1val \u010dinnos\u0165, ktor\u00e1 je v priamej s\u00favislosti s plnen\u00edm pracovn\u00fdch \u00faloh, a preto teda nejde o pracovn\u00fd \u00faraz.<\/p>\n<p>Krajsk\u00fd s\u00fad s\u00a0pr\u00e1vnym n\u00e1zorom prvostup\u0148ov\u00e9ho s\u00fadu nes\u00fahlasil, preto\u017ee:<\/p>\n<ol>\n<li>S\u00fad prvej in\u0161tancie vylo\u017eil uveden\u00e9 ustanovenie ZP pr\u00edli\u0161 re\u0161trikt\u00edvne, ke\u010f pova\u017eoval za \u00fakon v priamej s\u00favislosti s plnen\u00edm pracovn\u00fdch \u00faloh len samotn\u00fd akt prezliekania sa. \u017dalobca vo\u0161iel do \u0161atne ur\u010denej \u017ealovan\u00fdm ako zamestn\u00e1vate\u013eom na prezliekanie do pracovn\u00e9ho odevu pred za\u010diatkom pracovnej zmeny, zlo\u017eil a odlo\u017eil si ta\u0161ku na lavi\u010dku a prist\u00fapil k svojej skrinke. V momente, kedy bol napadnut\u00fd in\u00fdm zamestnancom, plnil pokyny \u017ealovan\u00e9ho ako svojho zamestn\u00e1vate\u013ea prezliec\u0165 sa pred n\u00e1stupom na zmenu do pracovn\u00e9ho odevu a tento jedin\u00fd z\u00e1mer sledoval, ke\u010f sa riadne dostavil do \u0161atne, odlo\u017eil si ta\u0161ku a prist\u00fapil ku svojej \u0161at\u0148ovej skrinke.<\/li>\n<li>Dostavenie sa do \u0161atne so z\u00e1merom prezle\u010denia do pracovn\u00e9ho odevu bola \u010dinnos\u0165 \u017ealobcu nevyhnutne vy\u017eadovan\u00e1 povahou pr\u00e1ce a pokynmi \u017ealovan\u00e9ho ako zamestn\u00e1vate\u013ea, s\u00favisela s prezliekan\u00edm sa do pracovn\u00e9ho odevu, bola vykon\u00e1van\u00e1 v priestoroch, kde sa u\u017e bol \u017ealobca povinn\u00fd riadi\u0165 pokynmi \u017ealovan\u00e9ho a bola objekt\u00edvne vykon\u00e1van\u00e1 v prospech \u017ealovan\u00e9ho ako zamestn\u00e1vate\u013ea. \u017dalobca sa v tomto smere svoj\u00edm konan\u00edm nedopustil \u017eiadneho excesu.<\/li>\n<\/ol>\n<p>S oh\u013eadom na uveden\u00e9 odvolac\u00ed s\u00fad, na rozdiel od s\u00fadu prvej in\u0161tancie, dospel k z\u00e1veru, \u017ee v danom pr\u00edpade utrpel \u017ealobca pracovn\u00fd \u00faraz, za ktor\u00fd zodpoved\u00e1 \u017ealovan\u00fd, teda zamestn\u00e1vate\u013e.<\/p>\n","protected":false},"excerpt":{"rendered":"<p>&nbsp; Krajsk\u00fd s\u00fad v Bratislave vo veci sp. zn. 8CoPr\/4\/2022 rozhodoval, \u010di v situ\u00e1cii, ke\u010f do\u0161lo v priestoroch zamestn\u00e1vate\u013ea k fyzick\u00e9mu napadnutiu zamestnanca in\u00fdm zamestnancom, pri\u010dom mu bolo sp\u00f4soben\u00e9 \u0165a\u017ek\u00e9 ubl\u00ed\u017eenie na zdrav\u00ed, do\u0161lo z\u00e1rove\u0148 k pracovn\u00e9mu \u00farazu. Na rozdiel od s\u00fadu prv\u00e9ho stup\u0148a dospel k z\u00e1veru, \u017ee po\u0161kodenie zdravia je pracovn\u00fd \u00farazom. D\u00f4le\u017eit\u00e9 pritom&#8230;<\/p>\n","protected":false},"author":3,"featured_media":1449,"comment_status":"closed","ping_status":"closed","sticky":false,"template":"","format":"standard","meta":{"inline_featured_image":false,"footnotes":""},"categories":[2],"tags":[],"class_list":["post-1448","post","type-post","status-publish","format-standard","has-post-thumbnail","hentry","category-news"],"yoast_head":"<title>Po\u0161kodenie zdravia pred za\u010dat\u00edm prezliekania do pracovn\u00e9ho odevu je pracovn\u00fd \u00faraz - BOOM &amp; SMART<\/title>\n<meta name=\"robots\" content=\"index, follow, max-snippet:-1, max-image-preview:large, max-video-preview:-1\" \/>\n<link rel=\"canonical\" href=\"https:\/\/boomandsmart.com\/sk\/poskodenie-zdravia-pred-zacatim-prezliekania-do-pracovneho-odevu-je-pracovny-uraz\/\" \/>\n<meta property=\"og:locale\" content=\"sk_SK\" \/>\n<meta property=\"og:type\" content=\"article\" \/>\n<meta property=\"og:title\" content=\"Po\u0161kodenie zdravia pred za\u010dat\u00edm prezliekania do pracovn\u00e9ho odevu je pracovn\u00fd \u00faraz - BOOM &amp; SMART\" \/>\n<meta property=\"og:description\" content=\"&nbsp; Krajsk\u00fd s\u00fad v Bratislave vo veci sp. zn. 8CoPr\/4\/2022 rozhodoval, \u010di v situ\u00e1cii, ke\u010f do\u0161lo v priestoroch zamestn\u00e1vate\u013ea k fyzick\u00e9mu napadnutiu zamestnanca in\u00fdm zamestnancom, pri\u010dom mu bolo sp\u00f4soben\u00e9 \u0165a\u017ek\u00e9 ubl\u00ed\u017eenie na zdrav\u00ed, do\u0161lo z\u00e1rove\u0148 k pracovn\u00e9mu \u00farazu. Na rozdiel od s\u00fadu prv\u00e9ho stup\u0148a dospel k z\u00e1veru, \u017ee po\u0161kodenie zdravia je pracovn\u00fd \u00farazom. D\u00f4le\u017eit\u00e9 pritom...\" \/>\n<meta property=\"og:url\" content=\"https:\/\/boomandsmart.com\/sk\/poskodenie-zdravia-pred-zacatim-prezliekania-do-pracovneho-odevu-je-pracovny-uraz\/\" \/>\n<meta property=\"og:site_name\" content=\"BOOM &amp; SMART\" \/>\n<meta property=\"article:published_time\" content=\"2024-02-19T08:08:36+00:00\" \/>\n<meta property=\"article:modified_time\" content=\"2024-02-19T08:09:09+00:00\" \/>\n<meta property=\"og:image\" content=\"https:\/\/boomandsmart.com\/wp-content\/uploads\/2024\/02\/construction-2578410_1280.jpg\" \/>\n\t<meta property=\"og:image:width\" content=\"1280\" \/>\n\t<meta property=\"og:image:height\" content=\"854\" \/>\n\t<meta property=\"og:image:type\" content=\"image\/jpeg\" \/>\n<meta name=\"author\" content=\"boomandsmart\" \/>\n<meta name=\"twitter:card\" content=\"summary_large_image\" \/>\n<meta name=\"twitter:label1\" content=\"Autor\" \/>\n\t<meta name=\"twitter:data1\" content=\"boomandsmart\" \/>\n\t<meta name=\"twitter:label2\" content=\"Predpokladan\u00fd \u010das \u010d\u00edtania\" \/>\n\t<meta name=\"twitter:data2\" content=\"3 min\u00faty\" \/>\n<script type=\"application\/ld+json\" class=\"yoast-schema-graph\">{\"@context\":\"https:\/\/schema.org\",\"@graph\":[{\"@type\":\"Article\",\"@id\":\"https:\/\/boomandsmart.com\/sk\/poskodenie-zdravia-pred-zacatim-prezliekania-do-pracovneho-odevu-je-pracovny-uraz\/#article\",\"isPartOf\":{\"@id\":\"https:\/\/boomandsmart.com\/sk\/poskodenie-zdravia-pred-zacatim-prezliekania-do-pracovneho-odevu-je-pracovny-uraz\/\"},\"author\":{\"name\":\"boomandsmart\",\"@id\":\"https:\/\/boomandsmart.com\/#\/schema\/person\/45472ee9b9a6b06bc4a90e2e95bc7e34\"},\"headline\":\"Po\u0161kodenie zdravia pred za\u010dat\u00edm prezliekania do pracovn\u00e9ho odevu je pracovn\u00fd \u00faraz\",\"datePublished\":\"2024-02-19T08:08:36+00:00\",\"dateModified\":\"2024-02-19T08:09:09+00:00\",\"mainEntityOfPage\":{\"@id\":\"https:\/\/boomandsmart.com\/sk\/poskodenie-zdravia-pred-zacatim-prezliekania-do-pracovneho-odevu-je-pracovny-uraz\/\"},\"wordCount\":650,\"image\":{\"@id\":\"https:\/\/boomandsmart.com\/sk\/poskodenie-zdravia-pred-zacatim-prezliekania-do-pracovneho-odevu-je-pracovny-uraz\/#primaryimage\"},\"thumbnailUrl\":\"https:\/\/boomandsmart.com\/wp-content\/uploads\/2024\/02\/construction-2578410_1280.jpg\",\"articleSection\":[\"News\"],\"inLanguage\":\"sk-SK\"},{\"@type\":\"WebPage\",\"@id\":\"https:\/\/boomandsmart.com\/sk\/poskodenie-zdravia-pred-zacatim-prezliekania-do-pracovneho-odevu-je-pracovny-uraz\/\",\"url\":\"https:\/\/boomandsmart.com\/sk\/poskodenie-zdravia-pred-zacatim-prezliekania-do-pracovneho-odevu-je-pracovny-uraz\/\",\"name\":\"Po\u0161kodenie zdravia pred za\u010dat\u00edm prezliekania do pracovn\u00e9ho odevu je pracovn\u00fd \u00faraz - BOOM &amp; SMART\",\"isPartOf\":{\"@id\":\"https:\/\/boomandsmart.com\/#website\"},\"primaryImageOfPage\":{\"@id\":\"https:\/\/boomandsmart.com\/sk\/poskodenie-zdravia-pred-zacatim-prezliekania-do-pracovneho-odevu-je-pracovny-uraz\/#primaryimage\"},\"image\":{\"@id\":\"https:\/\/boomandsmart.com\/sk\/poskodenie-zdravia-pred-zacatim-prezliekania-do-pracovneho-odevu-je-pracovny-uraz\/#primaryimage\"},\"thumbnailUrl\":\"https:\/\/boomandsmart.com\/wp-content\/uploads\/2024\/02\/construction-2578410_1280.jpg\",\"datePublished\":\"2024-02-19T08:08:36+00:00\",\"dateModified\":\"2024-02-19T08:09:09+00:00\",\"author\":{\"@id\":\"https:\/\/boomandsmart.com\/#\/schema\/person\/45472ee9b9a6b06bc4a90e2e95bc7e34\"},\"breadcrumb\":{\"@id\":\"https:\/\/boomandsmart.com\/sk\/poskodenie-zdravia-pred-zacatim-prezliekania-do-pracovneho-odevu-je-pracovny-uraz\/#breadcrumb\"},\"inLanguage\":\"sk-SK\",\"potentialAction\":[{\"@type\":\"ReadAction\",\"target\":[\"https:\/\/boomandsmart.com\/sk\/poskodenie-zdravia-pred-zacatim-prezliekania-do-pracovneho-odevu-je-pracovny-uraz\/\"]}]},{\"@type\":\"ImageObject\",\"inLanguage\":\"sk-SK\",\"@id\":\"https:\/\/boomandsmart.com\/sk\/poskodenie-zdravia-pred-zacatim-prezliekania-do-pracovneho-odevu-je-pracovny-uraz\/#primaryimage\",\"url\":\"https:\/\/boomandsmart.com\/wp-content\/uploads\/2024\/02\/construction-2578410_1280.jpg\",\"contentUrl\":\"https:\/\/boomandsmart.com\/wp-content\/uploads\/2024\/02\/construction-2578410_1280.jpg\",\"width\":1280,\"height\":854},{\"@type\":\"BreadcrumbList\",\"@id\":\"https:\/\/boomandsmart.com\/sk\/poskodenie-zdravia-pred-zacatim-prezliekania-do-pracovneho-odevu-je-pracovny-uraz\/#breadcrumb\",\"itemListElement\":[{\"@type\":\"ListItem\",\"position\":1,\"name\":\"Home\",\"item\":\"https:\/\/boomandsmart.com\/sk\/\"},{\"@type\":\"ListItem\",\"position\":2,\"name\":\"Po\u0161kodenie zdravia pred za\u010dat\u00edm prezliekania do pracovn\u00e9ho odevu je pracovn\u00fd \u00faraz\"}]},{\"@type\":\"WebSite\",\"@id\":\"https:\/\/boomandsmart.com\/#website\",\"url\":\"https:\/\/boomandsmart.com\/\",\"name\":\"BOOM &amp; SMART\",\"description\":\"\",\"potentialAction\":[{\"@type\":\"SearchAction\",\"target\":{\"@type\":\"EntryPoint\",\"urlTemplate\":\"https:\/\/boomandsmart.com\/?s={search_term_string}\"},\"query-input\":{\"@type\":\"PropertyValueSpecification\",\"valueRequired\":true,\"valueName\":\"search_term_string\"}}],\"inLanguage\":\"sk-SK\"},{\"@type\":\"Person\",\"@id\":\"https:\/\/boomandsmart.com\/#\/schema\/person\/45472ee9b9a6b06bc4a90e2e95bc7e34\",\"name\":\"boomandsmart\",\"url\":\"https:\/\/boomandsmart.com\/sk\/author\/boomandsmart\/\"}]}<\/script>","yoast_head_json":{"title":"Po\u0161kodenie zdravia pred za\u010dat\u00edm prezliekania do pracovn\u00e9ho odevu je pracovn\u00fd \u00faraz - BOOM &amp; SMART","robots":{"index":"index","follow":"follow","max-snippet":"max-snippet:-1","max-image-preview":"max-image-preview:large","max-video-preview":"max-video-preview:-1"},"canonical":"https:\/\/boomandsmart.com\/sk\/poskodenie-zdravia-pred-zacatim-prezliekania-do-pracovneho-odevu-je-pracovny-uraz\/","og_locale":"sk_SK","og_type":"article","og_title":"Po\u0161kodenie zdravia pred za\u010dat\u00edm prezliekania do pracovn\u00e9ho odevu je pracovn\u00fd \u00faraz - BOOM &amp; SMART","og_description":"&nbsp; Krajsk\u00fd s\u00fad v Bratislave vo veci sp. zn. 8CoPr\/4\/2022 rozhodoval, \u010di v situ\u00e1cii, ke\u010f do\u0161lo v priestoroch zamestn\u00e1vate\u013ea k fyzick\u00e9mu napadnutiu zamestnanca in\u00fdm zamestnancom, pri\u010dom mu bolo sp\u00f4soben\u00e9 \u0165a\u017ek\u00e9 ubl\u00ed\u017eenie na zdrav\u00ed, do\u0161lo z\u00e1rove\u0148 k pracovn\u00e9mu \u00farazu. Na rozdiel od s\u00fadu prv\u00e9ho stup\u0148a dospel k z\u00e1veru, \u017ee po\u0161kodenie zdravia je pracovn\u00fd \u00farazom. D\u00f4le\u017eit\u00e9 pritom...","og_url":"https:\/\/boomandsmart.com\/sk\/poskodenie-zdravia-pred-zacatim-prezliekania-do-pracovneho-odevu-je-pracovny-uraz\/","og_site_name":"BOOM &amp; SMART","article_published_time":"2024-02-19T08:08:36+00:00","article_modified_time":"2024-02-19T08:09:09+00:00","og_image":[{"width":1280,"height":854,"url":"https:\/\/boomandsmart.com\/wp-content\/uploads\/2024\/02\/construction-2578410_1280.jpg","type":"image\/jpeg"}],"author":"boomandsmart","twitter_card":"summary_large_image","twitter_misc":{"Autor":"boomandsmart","Predpokladan\u00fd \u010das \u010d\u00edtania":"3 min\u00faty"},"schema":{"@context":"https:\/\/schema.org","@graph":[{"@type":"Article","@id":"https:\/\/boomandsmart.com\/sk\/poskodenie-zdravia-pred-zacatim-prezliekania-do-pracovneho-odevu-je-pracovny-uraz\/#article","isPartOf":{"@id":"https:\/\/boomandsmart.com\/sk\/poskodenie-zdravia-pred-zacatim-prezliekania-do-pracovneho-odevu-je-pracovny-uraz\/"},"author":{"name":"boomandsmart","@id":"https:\/\/boomandsmart.com\/#\/schema\/person\/45472ee9b9a6b06bc4a90e2e95bc7e34"},"headline":"Po\u0161kodenie zdravia pred za\u010dat\u00edm prezliekania do pracovn\u00e9ho odevu je pracovn\u00fd \u00faraz","datePublished":"2024-02-19T08:08:36+00:00","dateModified":"2024-02-19T08:09:09+00:00","mainEntityOfPage":{"@id":"https:\/\/boomandsmart.com\/sk\/poskodenie-zdravia-pred-zacatim-prezliekania-do-pracovneho-odevu-je-pracovny-uraz\/"},"wordCount":650,"image":{"@id":"https:\/\/boomandsmart.com\/sk\/poskodenie-zdravia-pred-zacatim-prezliekania-do-pracovneho-odevu-je-pracovny-uraz\/#primaryimage"},"thumbnailUrl":"https:\/\/boomandsmart.com\/wp-content\/uploads\/2024\/02\/construction-2578410_1280.jpg","articleSection":["News"],"inLanguage":"sk-SK"},{"@type":"WebPage","@id":"https:\/\/boomandsmart.com\/sk\/poskodenie-zdravia-pred-zacatim-prezliekania-do-pracovneho-odevu-je-pracovny-uraz\/","url":"https:\/\/boomandsmart.com\/sk\/poskodenie-zdravia-pred-zacatim-prezliekania-do-pracovneho-odevu-je-pracovny-uraz\/","name":"Po\u0161kodenie zdravia pred za\u010dat\u00edm prezliekania do pracovn\u00e9ho odevu je pracovn\u00fd \u00faraz - BOOM &amp; SMART","isPartOf":{"@id":"https:\/\/boomandsmart.com\/#website"},"primaryImageOfPage":{"@id":"https:\/\/boomandsmart.com\/sk\/poskodenie-zdravia-pred-zacatim-prezliekania-do-pracovneho-odevu-je-pracovny-uraz\/#primaryimage"},"image":{"@id":"https:\/\/boomandsmart.com\/sk\/poskodenie-zdravia-pred-zacatim-prezliekania-do-pracovneho-odevu-je-pracovny-uraz\/#primaryimage"},"thumbnailUrl":"https:\/\/boomandsmart.com\/wp-content\/uploads\/2024\/02\/construction-2578410_1280.jpg","datePublished":"2024-02-19T08:08:36+00:00","dateModified":"2024-02-19T08:09:09+00:00","author":{"@id":"https:\/\/boomandsmart.com\/#\/schema\/person\/45472ee9b9a6b06bc4a90e2e95bc7e34"},"breadcrumb":{"@id":"https:\/\/boomandsmart.com\/sk\/poskodenie-zdravia-pred-zacatim-prezliekania-do-pracovneho-odevu-je-pracovny-uraz\/#breadcrumb"},"inLanguage":"sk-SK","potentialAction":[{"@type":"ReadAction","target":["https:\/\/boomandsmart.com\/sk\/poskodenie-zdravia-pred-zacatim-prezliekania-do-pracovneho-odevu-je-pracovny-uraz\/"]}]},{"@type":"ImageObject","inLanguage":"sk-SK","@id":"https:\/\/boomandsmart.com\/sk\/poskodenie-zdravia-pred-zacatim-prezliekania-do-pracovneho-odevu-je-pracovny-uraz\/#primaryimage","url":"https:\/\/boomandsmart.com\/wp-content\/uploads\/2024\/02\/construction-2578410_1280.jpg","contentUrl":"https:\/\/boomandsmart.com\/wp-content\/uploads\/2024\/02\/construction-2578410_1280.jpg","width":1280,"height":854},{"@type":"BreadcrumbList","@id":"https:\/\/boomandsmart.com\/sk\/poskodenie-zdravia-pred-zacatim-prezliekania-do-pracovneho-odevu-je-pracovny-uraz\/#breadcrumb","itemListElement":[{"@type":"ListItem","position":1,"name":"Home","item":"https:\/\/boomandsmart.com\/sk\/"},{"@type":"ListItem","position":2,"name":"Po\u0161kodenie zdravia pred za\u010dat\u00edm prezliekania do pracovn\u00e9ho odevu je pracovn\u00fd \u00faraz"}]},{"@type":"WebSite","@id":"https:\/\/boomandsmart.com\/#website","url":"https:\/\/boomandsmart.com\/","name":"BOOM &amp; SMART","description":"","potentialAction":[{"@type":"SearchAction","target":{"@type":"EntryPoint","urlTemplate":"https:\/\/boomandsmart.com\/?s={search_term_string}"},"query-input":{"@type":"PropertyValueSpecification","valueRequired":true,"valueName":"search_term_string"}}],"inLanguage":"sk-SK"},{"@type":"Person","@id":"https:\/\/boomandsmart.com\/#\/schema\/person\/45472ee9b9a6b06bc4a90e2e95bc7e34","name":"boomandsmart","url":"https:\/\/boomandsmart.com\/sk\/author\/boomandsmart\/"}]}},"_links":{"self":[{"href":"https:\/\/boomandsmart.com\/sk\/wp-json\/wp\/v2\/posts\/1448","targetHints":{"allow":["GET"]}}],"collection":[{"href":"https:\/\/boomandsmart.com\/sk\/wp-json\/wp\/v2\/posts"}],"about":[{"href":"https:\/\/boomandsmart.com\/sk\/wp-json\/wp\/v2\/types\/post"}],"author":[{"embeddable":true,"href":"https:\/\/boomandsmart.com\/sk\/wp-json\/wp\/v2\/users\/3"}],"replies":[{"embeddable":true,"href":"https:\/\/boomandsmart.com\/sk\/wp-json\/wp\/v2\/comments?post=1448"}],"version-history":[{"count":2,"href":"https:\/\/boomandsmart.com\/sk\/wp-json\/wp\/v2\/posts\/1448\/revisions"}],"predecessor-version":[{"id":1452,"href":"https:\/\/boomandsmart.com\/sk\/wp-json\/wp\/v2\/posts\/1448\/revisions\/1452"}],"wp:featuredmedia":[{"embeddable":true,"href":"https:\/\/boomandsmart.com\/sk\/wp-json\/wp\/v2\/media\/1449"}],"wp:attachment":[{"href":"https:\/\/boomandsmart.com\/sk\/wp-json\/wp\/v2\/media?parent=1448"}],"wp:term":[{"taxonomy":"category","embeddable":true,"href":"https:\/\/boomandsmart.com\/sk\/wp-json\/wp\/v2\/categories?post=1448"},{"taxonomy":"post_tag","embeddable":true,"href":"https:\/\/boomandsmart.com\/sk\/wp-json\/wp\/v2\/tags?post=1448"}],"curies":[{"name":"wp","href":"https:\/\/api.w.org\/{rel}","templated":true}]}}